{"id":164457,"date":"2023-02-23T21:06:02","date_gmt":"2023-02-23T21:06:02","guid":{"rendered":"http:\/\/radiofenix.com.ar\/kicillof-reivindico-el-rol-del-estado-para-que-los-bonaerenses-accedan-a-sus-derechos\/"},"modified":"2023-02-23T21:06:02","modified_gmt":"2023-02-23T21:06:02","slug":"kicillof-reivindico-el-rol-del-estado-para-que-los-bonaerenses-accedan-a-sus-derechos","status":"publish","type":"post","link":"https:\/\/radiofenix.com.ar\/2023\/kicillof-reivindico-el-rol-del-estado-para-que-los-bonaerenses-accedan-a-sus-derechos\/","title":{"rendered":"Kicillof reivindic\u00f3 el rol del Estado para que \u00ablos bonaerenses accedan a sus derechos\u00bb"},"content":{"rendered":"<p>El gobernador destac\u00f3 al crecimiento del municipio de San Vicente al oficializar la incorporaci\u00f3n del Hospital Ram\u00f3n Carrillo a la red profesional de nosocomios bonaerenses.\u00a0\u00abDespu\u00e9s de una etapa de cuatro a\u00f1os de abandono, recuperamos las instalaciones y el equipamiento de este hospital\u00bb, agreg\u00f3\u00a0Nicol\u00e1s Kreplak.El gobernador destac\u00f3 al crecimiento del municipio de San Vicente al oficializar la incorporaci\u00f3n del Hospital Ram\u00f3n Carrillo a la red profesional de nosocomios bonaerenses.\u00a0\u00abDespu\u00e9s de una etapa de cuatro a\u00f1os de abandono, recuperamos las instalaciones y el equipamiento de este hospital\u00bb, agreg\u00f3\u00a0Nicol\u00e1s Kreplak.<\/p>\n","protected":false},"excerpt":{"rendered":"<p>El gobernador destac\u00f3 al crecimiento del municipio de San Vicente al oficializar la incorporaci\u00f3n del&#8230;<\/p>\n","protected":false},"author":2,"featured_media":164458,"comment_status":"open","ping_status":"open","sticky":false,"template":"","format":"standard","meta":{"footnotes":""},"categories":[2],"tags":[],"class_list":["post-164457","post","type-post","status-publish","format-standard","has-post-thumbnail","hentry","category-politica"],"featured_image_urls":{"full":"","thumbnail":"","medium":"","medium_large":"","large":"","1536x1536":"","2048x2048":"","newsium-slider-full":"","newsium-featured":"","newsium-medium":""},"author_info":{"info":["c1500921"]},"category_info":"<a href=\"https:\/\/radiofenix.com.ar\/2023\/category\/politica\/\" rel=\"category tag\">Pol\u00edtica<\/a>","tag_info":"Pol\u00edtica","comment_count":"0","_links":{"self":[{"href":"https:\/\/radiofenix.com.ar\/2023\/wp-json\/wp\/v2\/posts\/164457","targetHints":{"allow":["GET"]}}],"collection":[{"href":"https:\/\/radiofenix.com.ar\/2023\/wp-json\/wp\/v2\/posts"}],"about":[{"href":"https:\/\/radiofenix.com.ar\/2023\/wp-json\/wp\/v2\/types\/post"}],"author":[{"embeddable":true,"href":"https:\/\/radiofenix.com.ar\/2023\/wp-json\/wp\/v2\/users\/2"}],"replies":[{"embeddable":true,"href":"https:\/\/radiofenix.com.ar\/2023\/wp-json\/wp\/v2\/comments?post=164457"}],"version-history":[{"count":0,"href":"https:\/\/radiofenix.com.ar\/2023\/wp-json\/wp\/v2\/posts\/164457\/revisions"}],"wp:featuredmedia":[{"embeddable":true,"href":"https:\/\/radiofenix.com.ar\/2023\/wp-json\/"}],"wp:attachment":[{"href":"https:\/\/radiofenix.com.ar\/2023\/wp-json\/wp\/v2\/media?parent=164457"}],"wp:term":[{"taxonomy":"category","embeddable":true,"href":"https:\/\/radiofenix.com.ar\/2023\/wp-json\/wp\/v2\/categories?post=164457"},{"taxonomy":"post_tag","embeddable":true,"href":"https:\/\/radiofenix.com.ar\/2023\/wp-json\/wp\/v2\/tags?post=164457"}],"curies":[{"name":"wp","href":"https:\/\/api.w.org\/{rel}","templated":true}]}}