{"id":164505,"date":"2023-02-24T00:06:42","date_gmt":"2023-02-24T00:06:42","guid":{"rendered":"http:\/\/radiofenix.com.ar\/argentina-podria-enfrentar-a-surinam-en-el-segundo-amistoso-de-marzo\/"},"modified":"2023-02-24T00:06:42","modified_gmt":"2023-02-24T00:06:42","slug":"argentina-podria-enfrentar-a-surinam-en-el-segundo-amistoso-de-marzo","status":"publish","type":"post","link":"https:\/\/radiofenix.com.ar\/2023\/argentina-podria-enfrentar-a-surinam-en-el-segundo-amistoso-de-marzo\/","title":{"rendered":"Argentina podr\u00eda enfrentar a Surinam en el segundo amistoso de marzo"},"content":{"rendered":"<p>El seleccionado argentino de f\u00fatbol podr\u00eda enfrentar a su par centroamericano el 26 de marzo en el estadio Mario Kempes de la ciudad de C\u00f3rdoba, en el segundo encuentro de la \u00abScaloneta\u00bb ante su p\u00fablico.\u00a0<\/p>\n","protected":false},"excerpt":{"rendered":"<p>El seleccionado argentino de f\u00fatbol podr\u00eda enfrentar a su par centroamericano el 26 de marzo&#8230;<\/p>\n","protected":false},"author":2,"featured_media":164506,"comment_status":"open","ping_status":"open","sticky":false,"template":"","format":"standard","meta":{"footnotes":""},"categories":[3],"tags":[],"class_list":["post-164505","post","type-post","status-publish","format-standard","has-post-thumbnail","hentry","category-deportes"],"featured_image_urls":{"full":"","thumbnail":"","medium":"","medium_large":"","large":"","1536x1536":"","2048x2048":"","newsium-slider-full":"","newsium-featured":"","newsium-medium":""},"author_info":{"info":["c1500921"]},"category_info":"<a href=\"https:\/\/radiofenix.com.ar\/2023\/category\/deportes\/\" rel=\"category tag\">Deportes<\/a>","tag_info":"Deportes","comment_count":"0","_links":{"self":[{"href":"https:\/\/radiofenix.com.ar\/2023\/wp-json\/wp\/v2\/posts\/164505","targetHints":{"allow":["GET"]}}],"collection":[{"href":"https:\/\/radiofenix.com.ar\/2023\/wp-json\/wp\/v2\/posts"}],"about":[{"href":"https:\/\/radiofenix.com.ar\/2023\/wp-json\/wp\/v2\/types\/post"}],"author":[{"embeddable":true,"href":"https:\/\/radiofenix.com.ar\/2023\/wp-json\/wp\/v2\/users\/2"}],"replies":[{"embeddable":true,"href":"https:\/\/radiofenix.com.ar\/2023\/wp-json\/wp\/v2\/comments?post=164505"}],"version-history":[{"count":0,"href":"https:\/\/radiofenix.com.ar\/2023\/wp-json\/wp\/v2\/posts\/164505\/revisions"}],"wp:featuredmedia":[{"embeddable":true,"href":"https:\/\/radiofenix.com.ar\/2023\/wp-json\/"}],"wp:attachment":[{"href":"https:\/\/radiofenix.com.ar\/2023\/wp-json\/wp\/v2\/media?parent=164505"}],"wp:term":[{"taxonomy":"category","embeddable":true,"href":"https:\/\/radiofenix.com.ar\/2023\/wp-json\/wp\/v2\/categories?post=164505"},{"taxonomy":"post_tag","embeddable":true,"href":"https:\/\/radiofenix.com.ar\/2023\/wp-json\/wp\/v2\/tags?post=164505"}],"curies":[{"name":"wp","href":"https:\/\/api.w.org\/{rel}","templated":true}]}}