{"id":164509,"date":"2023-02-24T00:49:00","date_gmt":"2023-02-24T00:49:00","guid":{"rendered":"http:\/\/radiofenix.com.ar\/miranda-ft-emilia-tiago-pzk-con-slow-y-videoclip-de-lali-y-pedro-capo\/"},"modified":"2023-02-24T00:49:00","modified_gmt":"2023-02-24T00:49:00","slug":"miranda-ft-emilia-tiago-pzk-con-slow-y-videoclip-de-lali-y-pedro-capo","status":"publish","type":"post","link":"https:\/\/radiofenix.com.ar\/2023\/miranda-ft-emilia-tiago-pzk-con-slow-y-videoclip-de-lali-y-pedro-capo\/","title":{"rendered":"Miranda! ft. Emilia, Tiago PZK con \u201cSlow\u201d y videoclip de Lali y Pedro Cap\u00f3"},"content":{"rendered":"<p>El Hotel Miranda lanz\u00f3 reversi\u00f3n de &amp;ldquo;Uno los dos&amp;rdquo; junto a la estrella de Nogoy\u00e1, la diva del pop se uni\u00f3 al puertorrique\u00f1o con &amp;ldquo;Una Vez M\u00e1s&amp;rdquo; y el artista de Monte Grande sali\u00f3 con una canci\u00f3n &amp;ldquo;muy personal y de coraz\u00f3n&amp;rdquo; como \u00e9l lo defini\u00f3.\u00a0El Hotel Miranda lanz\u00f3 reversi\u00f3n de &amp;ldquo;Uno los dos&amp;rdquo; junto a la estrella de Nogoy\u00e1, la diva del pop se uni\u00f3 al puertorrique\u00f1o con &amp;ldquo;Una Vez M\u00e1s&amp;rdquo; y el artista de Monte Grande sali\u00f3 con una canci\u00f3n &amp;ldquo;muy personal y de coraz\u00f3n&amp;rdquo; como \u00e9l lo defini\u00f3.\u00a0<\/p>\n","protected":false},"excerpt":{"rendered":"<p>El Hotel Miranda lanz\u00f3 reversi\u00f3n de &amp;ldquo;Uno los dos&amp;rdquo; junto a la estrella de Nogoy\u00e1,&#8230;<\/p>\n","protected":false},"author":2,"featured_media":164510,"comment_status":"open","ping_status":"open","sticky":false,"template":"","format":"standard","meta":{"footnotes":""},"categories":[4],"tags":[],"class_list":["post-164509","post","type-post","status-publish","format-standard","has-post-thumbnail","hentry","category-espectaculos"],"featured_image_urls":{"full":"","thumbnail":"","medium":"","medium_large":"","large":"","1536x1536":"","2048x2048":"","newsium-slider-full":"","newsium-featured":"","newsium-medium":""},"author_info":{"info":["c1500921"]},"category_info":"<a href=\"https:\/\/radiofenix.com.ar\/2023\/category\/espectaculos\/\" rel=\"category tag\">Espectaculos<\/a>","tag_info":"Espectaculos","comment_count":"0","_links":{"self":[{"href":"https:\/\/radiofenix.com.ar\/2023\/wp-json\/wp\/v2\/posts\/164509","targetHints":{"allow":["GET"]}}],"collection":[{"href":"https:\/\/radiofenix.com.ar\/2023\/wp-json\/wp\/v2\/posts"}],"about":[{"href":"https:\/\/radiofenix.com.ar\/2023\/wp-json\/wp\/v2\/types\/post"}],"author":[{"embeddable":true,"href":"https:\/\/radiofenix.com.ar\/2023\/wp-json\/wp\/v2\/users\/2"}],"replies":[{"embeddable":true,"href":"https:\/\/radiofenix.com.ar\/2023\/wp-json\/wp\/v2\/comments?post=164509"}],"version-history":[{"count":0,"href":"https:\/\/radiofenix.com.ar\/2023\/wp-json\/wp\/v2\/posts\/164509\/revisions"}],"wp:featuredmedia":[{"embeddable":true,"href":"https:\/\/radiofenix.com.ar\/2023\/wp-json\/"}],"wp:attachment":[{"href":"https:\/\/radiofenix.com.ar\/2023\/wp-json\/wp\/v2\/media?parent=164509"}],"wp:term":[{"taxonomy":"category","embeddable":true,"href":"https:\/\/radiofenix.com.ar\/2023\/wp-json\/wp\/v2\/categories?post=164509"},{"taxonomy":"post_tag","embeddable":true,"href":"https:\/\/radiofenix.com.ar\/2023\/wp-json\/wp\/v2\/tags?post=164509"}],"curies":[{"name":"wp","href":"https:\/\/api.w.org\/{rel}","templated":true}]}}