{"id":164511,"date":"2023-02-24T02:06:00","date_gmt":"2023-02-24T02:06:00","guid":{"rendered":"http:\/\/radiofenix.com.ar\/declararon-nula-la-causa-de-muerte-por-accidente-del-obispo-ponce-de-leon-en-la-dictadura\/"},"modified":"2023-02-24T02:06:00","modified_gmt":"2023-02-24T02:06:00","slug":"declararon-nula-la-causa-de-muerte-por-accidente-del-obispo-ponce-de-leon-en-la-dictadura","status":"publish","type":"post","link":"https:\/\/radiofenix.com.ar\/2023\/declararon-nula-la-causa-de-muerte-por-accidente-del-obispo-ponce-de-leon-en-la-dictadura\/","title":{"rendered":"Declararon nula la causa de muerte por accidente del obispo Ponce de Le\u00f3n en la dictadura"},"content":{"rendered":"<p>La causa hab\u00eda sido juzgada\u00a0como un accidente de tr\u00e1nsito, de manera que ahora el juez del caso deber\u00eda llamar a declaraci\u00f3n indagatoria a los acusados por el homicidio.\u00a0Por el hecho fue condenado Luis Antonio Mart\u00ednez en 1977.La causa hab\u00eda sido juzgada\u00a0como un accidente de tr\u00e1nsito, de manera que ahora el juez del caso deber\u00eda llamar a declaraci\u00f3n indagatoria a los acusados por el homicidio.\u00a0Por el hecho fue condenado Luis Antonio Mart\u00ednez en 1977.<\/p>\n","protected":false},"excerpt":{"rendered":"<p>La causa hab\u00eda sido juzgada\u00a0como un accidente de tr\u00e1nsito, de manera que ahora el juez&#8230;<\/p>\n","protected":false},"author":2,"featured_media":164512,"comment_status":"open","ping_status":"open","sticky":false,"template":"","format":"standard","meta":{"footnotes":""},"categories":[2],"tags":[],"class_list":["post-164511","post","type-post","status-publish","format-standard","has-post-thumbnail","hentry","category-politica"],"featured_image_urls":{"full":"","thumbnail":"","medium":"","medium_large":"","large":"","1536x1536":"","2048x2048":"","newsium-slider-full":"","newsium-featured":"","newsium-medium":""},"author_info":{"info":["c1500921"]},"category_info":"<a href=\"https:\/\/radiofenix.com.ar\/2023\/category\/politica\/\" rel=\"category tag\">Pol\u00edtica<\/a>","tag_info":"Pol\u00edtica","comment_count":"0","_links":{"self":[{"href":"https:\/\/radiofenix.com.ar\/2023\/wp-json\/wp\/v2\/posts\/164511","targetHints":{"allow":["GET"]}}],"collection":[{"href":"https:\/\/radiofenix.com.ar\/2023\/wp-json\/wp\/v2\/posts"}],"about":[{"href":"https:\/\/radiofenix.com.ar\/2023\/wp-json\/wp\/v2\/types\/post"}],"author":[{"embeddable":true,"href":"https:\/\/radiofenix.com.ar\/2023\/wp-json\/wp\/v2\/users\/2"}],"replies":[{"embeddable":true,"href":"https:\/\/radiofenix.com.ar\/2023\/wp-json\/wp\/v2\/comments?post=164511"}],"version-history":[{"count":0,"href":"https:\/\/radiofenix.com.ar\/2023\/wp-json\/wp\/v2\/posts\/164511\/revisions"}],"wp:featuredmedia":[{"embeddable":true,"href":"https:\/\/radiofenix.com.ar\/2023\/wp-json\/"}],"wp:attachment":[{"href":"https:\/\/radiofenix.com.ar\/2023\/wp-json\/wp\/v2\/media?parent=164511"}],"wp:term":[{"taxonomy":"category","embeddable":true,"href":"https:\/\/radiofenix.com.ar\/2023\/wp-json\/wp\/v2\/categories?post=164511"},{"taxonomy":"post_tag","embeddable":true,"href":"https:\/\/radiofenix.com.ar\/2023\/wp-json\/wp\/v2\/tags?post=164511"}],"curies":[{"name":"wp","href":"https:\/\/api.w.org\/{rel}","templated":true}]}}