{"id":164513,"date":"2023-02-24T02:06:00","date_gmt":"2023-02-24T02:06:00","guid":{"rendered":"http:\/\/radiofenix.com.ar\/descubren-multiples-irregularidades-en-las-compras-que-hizo-larreta-por-la-pandemia-2\/"},"modified":"2023-02-24T02:06:00","modified_gmt":"2023-02-24T02:06:00","slug":"descubren-multiples-irregularidades-en-las-compras-que-hizo-larreta-por-la-pandemia-2","status":"publish","type":"post","link":"https:\/\/radiofenix.com.ar\/2023\/descubren-multiples-irregularidades-en-las-compras-que-hizo-larreta-por-la-pandemia-2\/","title":{"rendered":"Descubren \u00abm\u00faltiples irregularidades\u00bb en las compras que hizo Larreta por la pandemia"},"content":{"rendered":"<p>El auditor general por el FdT, Lisandro Teszkiewicz, expres\u00f3 a T\u00e9lam Radio su preocupaci\u00f3n por la falta de controles detectadas en la compra de material fundamental para hacer frente a la pandemia del Covid-19. Detectaron contrataciones directas sin controles, proveedores que no estaban habilitados, sobrecostos y triangulaciones.El auditor general por el FdT, Lisandro Teszkiewicz, expres\u00f3 a T\u00e9lam Radio su preocupaci\u00f3n por la falta de controles detectadas en la compra de material fundamental para hacer frente a la pandemia del Covid-19. Detectaron contrataciones directas sin controles, proveedores que no estaban habilitados, sobrecostos y triangulaciones.<\/p>\n","protected":false},"excerpt":{"rendered":"<p>El auditor general por el FdT, Lisandro Teszkiewicz, expres\u00f3 a T\u00e9lam Radio su preocupaci\u00f3n por&#8230;<\/p>\n","protected":false},"author":2,"featured_media":164514,"comment_status":"open","ping_status":"open","sticky":false,"template":"","format":"standard","meta":{"footnotes":""},"categories":[2],"tags":[],"class_list":["post-164513","post","type-post","status-publish","format-standard","has-post-thumbnail","hentry","category-politica"],"featured_image_urls":{"full":"","thumbnail":"","medium":"","medium_large":"","large":"","1536x1536":"","2048x2048":"","newsium-slider-full":"","newsium-featured":"","newsium-medium":""},"author_info":{"info":["c1500921"]},"category_info":"<a href=\"https:\/\/radiofenix.com.ar\/2023\/category\/politica\/\" rel=\"category tag\">Pol\u00edtica<\/a>","tag_info":"Pol\u00edtica","comment_count":"0","_links":{"self":[{"href":"https:\/\/radiofenix.com.ar\/2023\/wp-json\/wp\/v2\/posts\/164513","targetHints":{"allow":["GET"]}}],"collection":[{"href":"https:\/\/radiofenix.com.ar\/2023\/wp-json\/wp\/v2\/posts"}],"about":[{"href":"https:\/\/radiofenix.com.ar\/2023\/wp-json\/wp\/v2\/types\/post"}],"author":[{"embeddable":true,"href":"https:\/\/radiofenix.com.ar\/2023\/wp-json\/wp\/v2\/users\/2"}],"replies":[{"embeddable":true,"href":"https:\/\/radiofenix.com.ar\/2023\/wp-json\/wp\/v2\/comments?post=164513"}],"version-history":[{"count":0,"href":"https:\/\/radiofenix.com.ar\/2023\/wp-json\/wp\/v2\/posts\/164513\/revisions"}],"wp:featuredmedia":[{"embeddable":true,"href":"https:\/\/radiofenix.com.ar\/2023\/wp-json\/"}],"wp:attachment":[{"href":"https:\/\/radiofenix.com.ar\/2023\/wp-json\/wp\/v2\/media?parent=164513"}],"wp:term":[{"taxonomy":"category","embeddable":true,"href":"https:\/\/radiofenix.com.ar\/2023\/wp-json\/wp\/v2\/categories?post=164513"},{"taxonomy":"post_tag","embeddable":true,"href":"https:\/\/radiofenix.com.ar\/2023\/wp-json\/wp\/v2\/tags?post=164513"}],"curies":[{"name":"wp","href":"https:\/\/api.w.org\/{rel}","templated":true}]}}