{"id":164515,"date":"2023-02-24T02:06:01","date_gmt":"2023-02-24T02:06:01","guid":{"rendered":"http:\/\/radiofenix.com.ar\/cafiero-entrego-el-premio-de-derechos-humanos-mignone-a-una-organizacion-de-honduras\/"},"modified":"2023-02-24T02:06:01","modified_gmt":"2023-02-24T02:06:01","slug":"cafiero-entrego-el-premio-de-derechos-humanos-mignone-a-una-organizacion-de-honduras","status":"publish","type":"post","link":"https:\/\/radiofenix.com.ar\/2023\/cafiero-entrego-el-premio-de-derechos-humanos-mignone-a-una-organizacion-de-honduras\/","title":{"rendered":"Cafiero entreg\u00f3 el Premio de Derechos Humanos \u00abMignone\u00bb a una organizaci\u00f3n de Honduras"},"content":{"rendered":"<p>El Canciller condecor\u00f3 con ese galard\u00f3n al Comit\u00e9 de Familiares de Detenidos Desaparecidos en Honduras (Cofadeh), una organizaci\u00f3n creada en 1982 por familiares de las v\u00edctimas de la represi\u00f3n en ese pa\u00eds centroamericano.El Canciller condecor\u00f3 con ese galard\u00f3n al Comit\u00e9 de Familiares de Detenidos Desaparecidos en Honduras (Cofadeh), una organizaci\u00f3n creada en 1982 por familiares de las v\u00edctimas de la represi\u00f3n en ese pa\u00eds centroamericano.<\/p>\n","protected":false},"excerpt":{"rendered":"<p>El Canciller condecor\u00f3 con ese galard\u00f3n al Comit\u00e9 de Familiares de Detenidos Desaparecidos en Honduras&#8230;<\/p>\n","protected":false},"author":2,"featured_media":164516,"comment_status":"open","ping_status":"open","sticky":false,"template":"","format":"standard","meta":{"footnotes":""},"categories":[2],"tags":[],"class_list":["post-164515","post","type-post","status-publish","format-standard","has-post-thumbnail","hentry","category-politica"],"featured_image_urls":{"full":"","thumbnail":"","medium":"","medium_large":"","large":"","1536x1536":"","2048x2048":"","newsium-slider-full":"","newsium-featured":"","newsium-medium":""},"author_info":{"info":["c1500921"]},"category_info":"<a href=\"https:\/\/radiofenix.com.ar\/2023\/category\/politica\/\" rel=\"category tag\">Pol\u00edtica<\/a>","tag_info":"Pol\u00edtica","comment_count":"0","_links":{"self":[{"href":"https:\/\/radiofenix.com.ar\/2023\/wp-json\/wp\/v2\/posts\/164515","targetHints":{"allow":["GET"]}}],"collection":[{"href":"https:\/\/radiofenix.com.ar\/2023\/wp-json\/wp\/v2\/posts"}],"about":[{"href":"https:\/\/radiofenix.com.ar\/2023\/wp-json\/wp\/v2\/types\/post"}],"author":[{"embeddable":true,"href":"https:\/\/radiofenix.com.ar\/2023\/wp-json\/wp\/v2\/users\/2"}],"replies":[{"embeddable":true,"href":"https:\/\/radiofenix.com.ar\/2023\/wp-json\/wp\/v2\/comments?post=164515"}],"version-history":[{"count":0,"href":"https:\/\/radiofenix.com.ar\/2023\/wp-json\/wp\/v2\/posts\/164515\/revisions"}],"wp:featuredmedia":[{"embeddable":true,"href":"https:\/\/radiofenix.com.ar\/2023\/wp-json\/"}],"wp:attachment":[{"href":"https:\/\/radiofenix.com.ar\/2023\/wp-json\/wp\/v2\/media?parent=164515"}],"wp:term":[{"taxonomy":"category","embeddable":true,"href":"https:\/\/radiofenix.com.ar\/2023\/wp-json\/wp\/v2\/categories?post=164515"},{"taxonomy":"post_tag","embeddable":true,"href":"https:\/\/radiofenix.com.ar\/2023\/wp-json\/wp\/v2\/tags?post=164515"}],"curies":[{"name":"wp","href":"https:\/\/api.w.org\/{rel}","templated":true}]}}