{"id":164706,"date":"2023-02-25T19:38:00","date_gmt":"2023-02-25T19:38:00","guid":{"rendered":"http:\/\/radiofenix.com.ar\/el-25-de-marzo-sera-la-ultima-noche-de-la-despedida-portena-de-les-luthiers\/"},"modified":"2023-02-25T19:38:00","modified_gmt":"2023-02-25T19:38:00","slug":"el-25-de-marzo-sera-la-ultima-noche-de-la-despedida-portena-de-les-luthiers","status":"publish","type":"post","link":"https:\/\/radiofenix.com.ar\/2023\/el-25-de-marzo-sera-la-ultima-noche-de-la-despedida-portena-de-les-luthiers\/","title":{"rendered":"El 25 de marzo ser\u00e1 la \u00faltima noche de la despedida porte\u00f1a de Les Luthiers"},"content":{"rendered":"<p>La gira del adi\u00f3s tiene como atractivo el espect\u00e1culo &amp;ldquo;M\u00e1s tropiezos de Mastropiero&amp;rdquo;, primera creaci\u00f3n del conjunto humor\u00edstico-musical en 15 a\u00f1os. El tourrecorrer\u00e1 Ecuador, M\u00e9xico, Colombia y Espa\u00f1a.La gira del adi\u00f3s tiene como atractivo el espect\u00e1culo &amp;ldquo;M\u00e1s tropiezos de Mastropiero&amp;rdquo;, primera creaci\u00f3n del conjunto humor\u00edstico-musical en 15 a\u00f1os. El tourrecorrer\u00e1 Ecuador, M\u00e9xico, Colombia y Espa\u00f1a.<\/p>\n","protected":false},"excerpt":{"rendered":"<p>La gira del adi\u00f3s tiene como atractivo el espect\u00e1culo &amp;ldquo;M\u00e1s tropiezos de Mastropiero&amp;rdquo;, primera creaci\u00f3n&#8230;<\/p>\n","protected":false},"author":2,"featured_media":164707,"comment_status":"open","ping_status":"open","sticky":false,"template":"","format":"standard","meta":{"footnotes":""},"categories":[4],"tags":[],"class_list":["post-164706","post","type-post","status-publish","format-standard","has-post-thumbnail","hentry","category-espectaculos"],"featured_image_urls":{"full":"","thumbnail":"","medium":"","medium_large":"","large":"","1536x1536":"","2048x2048":"","newsium-slider-full":"","newsium-featured":"","newsium-medium":""},"author_info":{"info":["c1500921"]},"category_info":"<a href=\"https:\/\/radiofenix.com.ar\/2023\/category\/espectaculos\/\" rel=\"category tag\">Espectaculos<\/a>","tag_info":"Espectaculos","comment_count":"0","_links":{"self":[{"href":"https:\/\/radiofenix.com.ar\/2023\/wp-json\/wp\/v2\/posts\/164706","targetHints":{"allow":["GET"]}}],"collection":[{"href":"https:\/\/radiofenix.com.ar\/2023\/wp-json\/wp\/v2\/posts"}],"about":[{"href":"https:\/\/radiofenix.com.ar\/2023\/wp-json\/wp\/v2\/types\/post"}],"author":[{"embeddable":true,"href":"https:\/\/radiofenix.com.ar\/2023\/wp-json\/wp\/v2\/users\/2"}],"replies":[{"embeddable":true,"href":"https:\/\/radiofenix.com.ar\/2023\/wp-json\/wp\/v2\/comments?post=164706"}],"version-history":[{"count":0,"href":"https:\/\/radiofenix.com.ar\/2023\/wp-json\/wp\/v2\/posts\/164706\/revisions"}],"wp:featuredmedia":[{"embeddable":true,"href":"https:\/\/radiofenix.com.ar\/2023\/wp-json\/"}],"wp:attachment":[{"href":"https:\/\/radiofenix.com.ar\/2023\/wp-json\/wp\/v2\/media?parent=164706"}],"wp:term":[{"taxonomy":"category","embeddable":true,"href":"https:\/\/radiofenix.com.ar\/2023\/wp-json\/wp\/v2\/categories?post=164706"},{"taxonomy":"post_tag","embeddable":true,"href":"https:\/\/radiofenix.com.ar\/2023\/wp-json\/wp\/v2\/tags?post=164706"}],"curies":[{"name":"wp","href":"https:\/\/api.w.org\/{rel}","templated":true}]}}