{"id":164710,"date":"2023-02-25T20:06:09","date_gmt":"2023-02-25T20:06:09","guid":{"rendered":"http:\/\/radiofenix.com.ar\/cerruti-reclamo-que-el-movimiento-feminista-alce-un-grito-por-la-paz\/"},"modified":"2023-02-25T20:06:09","modified_gmt":"2023-02-25T20:06:09","slug":"cerruti-reclamo-que-el-movimiento-feminista-alce-un-grito-por-la-paz","status":"publish","type":"post","link":"https:\/\/radiofenix.com.ar\/2023\/cerruti-reclamo-que-el-movimiento-feminista-alce-un-grito-por-la-paz\/","title":{"rendered":"Cerruti reclam\u00f3 que el movimiento feminista \u00abalce un grito por la paz\u00bb"},"content":{"rendered":"<p>As\u00ed lo se\u00f1al\u00f3 la\u00a0portavoz presidencial durante su participaci\u00f3n en Madrid en el\u00a0Encuentro Internacional Feminista &amp;ldquo;We call it feminism&amp;rdquo; (EIF 2023), organizado por el Ministerio de Igualdad del Gobierno de Espa\u00f1a.As\u00ed lo se\u00f1al\u00f3 la\u00a0portavoz presidencial durante su participaci\u00f3n en Madrid en el\u00a0Encuentro Internacional Feminista &amp;ldquo;We call it feminism&amp;rdquo; (EIF 2023), organizado por el Ministerio de Igualdad del Gobierno de Espa\u00f1a.<\/p>\n","protected":false},"excerpt":{"rendered":"<p>As\u00ed lo se\u00f1al\u00f3 la\u00a0portavoz presidencial durante su participaci\u00f3n en Madrid en el\u00a0Encuentro Internacional Feminista &amp;ldquo;We&#8230;<\/p>\n","protected":false},"author":2,"featured_media":164711,"comment_status":"open","ping_status":"open","sticky":false,"template":"","format":"standard","meta":{"footnotes":""},"categories":[2],"tags":[],"class_list":["post-164710","post","type-post","status-publish","format-standard","has-post-thumbnail","hentry","category-politica"],"featured_image_urls":{"full":"","thumbnail":"","medium":"","medium_large":"","large":"","1536x1536":"","2048x2048":"","newsium-slider-full":"","newsium-featured":"","newsium-medium":""},"author_info":{"info":["c1500921"]},"category_info":"<a href=\"https:\/\/radiofenix.com.ar\/2023\/category\/politica\/\" rel=\"category tag\">Pol\u00edtica<\/a>","tag_info":"Pol\u00edtica","comment_count":"0","_links":{"self":[{"href":"https:\/\/radiofenix.com.ar\/2023\/wp-json\/wp\/v2\/posts\/164710","targetHints":{"allow":["GET"]}}],"collection":[{"href":"https:\/\/radiofenix.com.ar\/2023\/wp-json\/wp\/v2\/posts"}],"about":[{"href":"https:\/\/radiofenix.com.ar\/2023\/wp-json\/wp\/v2\/types\/post"}],"author":[{"embeddable":true,"href":"https:\/\/radiofenix.com.ar\/2023\/wp-json\/wp\/v2\/users\/2"}],"replies":[{"embeddable":true,"href":"https:\/\/radiofenix.com.ar\/2023\/wp-json\/wp\/v2\/comments?post=164710"}],"version-history":[{"count":0,"href":"https:\/\/radiofenix.com.ar\/2023\/wp-json\/wp\/v2\/posts\/164710\/revisions"}],"wp:featuredmedia":[{"embeddable":true,"href":"https:\/\/radiofenix.com.ar\/2023\/wp-json\/"}],"wp:attachment":[{"href":"https:\/\/radiofenix.com.ar\/2023\/wp-json\/wp\/v2\/media?parent=164710"}],"wp:term":[{"taxonomy":"category","embeddable":true,"href":"https:\/\/radiofenix.com.ar\/2023\/wp-json\/wp\/v2\/categories?post=164710"},{"taxonomy":"post_tag","embeddable":true,"href":"https:\/\/radiofenix.com.ar\/2023\/wp-json\/wp\/v2\/tags?post=164710"}],"curies":[{"name":"wp","href":"https:\/\/api.w.org\/{rel}","templated":true}]}}