{"id":164712,"date":"2023-02-25T19:18:00","date_gmt":"2023-02-25T19:18:00","guid":{"rendered":"http:\/\/radiofenix.com.ar\/con-14-casos-confirmados-anuncian-nuevas-medidas-contra-la-influenza-aviar\/"},"modified":"2023-02-25T19:18:00","modified_gmt":"2023-02-25T19:18:00","slug":"con-14-casos-confirmados-anuncian-nuevas-medidas-contra-la-influenza-aviar","status":"publish","type":"post","link":"https:\/\/radiofenix.com.ar\/2023\/con-14-casos-confirmados-anuncian-nuevas-medidas-contra-la-influenza-aviar\/","title":{"rendered":"Con 14 casos confirmados, anuncian nuevas medidas contra la influenza aviar"},"content":{"rendered":"<p>C\u00f3rdoba, Santa Fe, Buenos Aires, Jujuy, Neuqu\u00e9n y Salta son las provincias donde se contstat\u00f3 el contagio entre las mpas de 100 noticiaciones atendidas por el Senasa. Hasta el momento no se ha reportado transmisi\u00f3n humana, pero el contacto directo con aves infectada o superficies y objetos contaminados por sus heces podr\u00eda significar un riesgo.<\/p>\n","protected":false},"excerpt":{"rendered":"<p>C\u00f3rdoba, Santa Fe, Buenos Aires, Jujuy, Neuqu\u00e9n y Salta son las provincias donde se contstat\u00f3&#8230;<\/p>\n","protected":false},"author":2,"featured_media":164713,"comment_status":"open","ping_status":"open","sticky":false,"template":"","format":"standard","meta":{"footnotes":""},"categories":[5],"tags":[],"class_list":["post-164712","post","type-post","status-publish","format-standard","has-post-thumbnail","hentry","category-economia"],"featured_image_urls":{"full":"","thumbnail":"","medium":"","medium_large":"","large":"","1536x1536":"","2048x2048":"","newsium-slider-full":"","newsium-featured":"","newsium-medium":""},"author_info":{"info":["c1500921"]},"category_info":"<a href=\"https:\/\/radiofenix.com.ar\/2023\/category\/economia\/\" rel=\"category tag\">Economia<\/a>","tag_info":"Economia","comment_count":"0","_links":{"self":[{"href":"https:\/\/radiofenix.com.ar\/2023\/wp-json\/wp\/v2\/posts\/164712","targetHints":{"allow":["GET"]}}],"collection":[{"href":"https:\/\/radiofenix.com.ar\/2023\/wp-json\/wp\/v2\/posts"}],"about":[{"href":"https:\/\/radiofenix.com.ar\/2023\/wp-json\/wp\/v2\/types\/post"}],"author":[{"embeddable":true,"href":"https:\/\/radiofenix.com.ar\/2023\/wp-json\/wp\/v2\/users\/2"}],"replies":[{"embeddable":true,"href":"https:\/\/radiofenix.com.ar\/2023\/wp-json\/wp\/v2\/comments?post=164712"}],"version-history":[{"count":0,"href":"https:\/\/radiofenix.com.ar\/2023\/wp-json\/wp\/v2\/posts\/164712\/revisions"}],"wp:featuredmedia":[{"embeddable":true,"href":"https:\/\/radiofenix.com.ar\/2023\/wp-json\/"}],"wp:attachment":[{"href":"https:\/\/radiofenix.com.ar\/2023\/wp-json\/wp\/v2\/media?parent=164712"}],"wp:term":[{"taxonomy":"category","embeddable":true,"href":"https:\/\/radiofenix.com.ar\/2023\/wp-json\/wp\/v2\/categories?post=164712"},{"taxonomy":"post_tag","embeddable":true,"href":"https:\/\/radiofenix.com.ar\/2023\/wp-json\/wp\/v2\/tags?post=164712"}],"curies":[{"name":"wp","href":"https:\/\/api.w.org\/{rel}","templated":true}]}}