{"id":164716,"date":"2023-02-25T20:42:00","date_gmt":"2023-02-25T20:42:00","guid":{"rendered":"http:\/\/radiofenix.com.ar\/nicki-nicole-se-presento-en-el-festival-de-vina-del-mar-y-fue-premiada\/"},"modified":"2023-02-25T20:42:00","modified_gmt":"2023-02-25T20:42:00","slug":"nicki-nicole-se-presento-en-el-festival-de-vina-del-mar-y-fue-premiada","status":"publish","type":"post","link":"https:\/\/radiofenix.com.ar\/2023\/nicki-nicole-se-presento-en-el-festival-de-vina-del-mar-y-fue-premiada\/","title":{"rendered":"Nicki Nicole se present\u00f3 en el Festival de Vi\u00f1a del Mar y fue premiada"},"content":{"rendered":"<p>\u00abDesde que pis\u00e9 Chile no par\u00e9 de sentir el cari\u00f1o de todos, que es incre\u00edble y por eso me llena de alegr\u00eda volver a estar juntos en tan poco tiempo\u00bb, dijo la rosarina a su p\u00fablico.\u00bbDesde que pis\u00e9 Chile no par\u00e9 de sentir el cari\u00f1o de todos, que es incre\u00edble y por eso me llena de alegr\u00eda volver a estar juntos en tan poco tiempo\u00bb, dijo la rosarina a su p\u00fablico.<\/p>\n","protected":false},"excerpt":{"rendered":"<p>\u00abDesde que pis\u00e9 Chile no par\u00e9 de sentir el cari\u00f1o de todos, que es incre\u00edble&#8230;<\/p>\n","protected":false},"author":2,"featured_media":164717,"comment_status":"open","ping_status":"open","sticky":false,"template":"","format":"standard","meta":{"footnotes":""},"categories":[4],"tags":[],"class_list":["post-164716","post","type-post","status-publish","format-standard","has-post-thumbnail","hentry","category-espectaculos"],"featured_image_urls":{"full":"","thumbnail":"","medium":"","medium_large":"","large":"","1536x1536":"","2048x2048":"","newsium-slider-full":"","newsium-featured":"","newsium-medium":""},"author_info":{"info":["c1500921"]},"category_info":"<a href=\"https:\/\/radiofenix.com.ar\/2023\/category\/espectaculos\/\" rel=\"category tag\">Espectaculos<\/a>","tag_info":"Espectaculos","comment_count":"0","_links":{"self":[{"href":"https:\/\/radiofenix.com.ar\/2023\/wp-json\/wp\/v2\/posts\/164716","targetHints":{"allow":["GET"]}}],"collection":[{"href":"https:\/\/radiofenix.com.ar\/2023\/wp-json\/wp\/v2\/posts"}],"about":[{"href":"https:\/\/radiofenix.com.ar\/2023\/wp-json\/wp\/v2\/types\/post"}],"author":[{"embeddable":true,"href":"https:\/\/radiofenix.com.ar\/2023\/wp-json\/wp\/v2\/users\/2"}],"replies":[{"embeddable":true,"href":"https:\/\/radiofenix.com.ar\/2023\/wp-json\/wp\/v2\/comments?post=164716"}],"version-history":[{"count":0,"href":"https:\/\/radiofenix.com.ar\/2023\/wp-json\/wp\/v2\/posts\/164716\/revisions"}],"wp:featuredmedia":[{"embeddable":true,"href":"https:\/\/radiofenix.com.ar\/2023\/wp-json\/"}],"wp:attachment":[{"href":"https:\/\/radiofenix.com.ar\/2023\/wp-json\/wp\/v2\/media?parent=164716"}],"wp:term":[{"taxonomy":"category","embeddable":true,"href":"https:\/\/radiofenix.com.ar\/2023\/wp-json\/wp\/v2\/categories?post=164716"},{"taxonomy":"post_tag","embeddable":true,"href":"https:\/\/radiofenix.com.ar\/2023\/wp-json\/wp\/v2\/tags?post=164716"}],"curies":[{"name":"wp","href":"https:\/\/api.w.org\/{rel}","templated":true}]}}