{"id":164718,"date":"2023-02-25T20:28:00","date_gmt":"2023-02-25T20:28:00","guid":{"rendered":"http:\/\/radiofenix.com.ar\/canal-encuentro-emite-el-documental-escuela-trashumante-en-homenaje-a-orlando-balvo\/"},"modified":"2023-02-25T20:28:00","modified_gmt":"2023-02-25T20:28:00","slug":"canal-encuentro-emite-el-documental-escuela-trashumante-en-homenaje-a-orlando-balvo","status":"publish","type":"post","link":"https:\/\/radiofenix.com.ar\/2023\/canal-encuentro-emite-el-documental-escuela-trashumante-en-homenaje-a-orlando-balvo\/","title":{"rendered":"Canal Encuentro emite el documental \u00abEscuela trashumante\u00bb en homenaje a Orlando Balvo"},"content":{"rendered":"<p>La pel\u00edcula se presenta a una semana de su fallecimiento del reconocido educador neuquino, disc\u00edpulo de Paulo Freire y quien coordin\u00f3 la campa\u00f1a de alfabetizaci\u00f3n de adultos Crear.La pel\u00edcula se presenta a una semana de su fallecimiento del reconocido educador neuquino, disc\u00edpulo de Paulo Freire y quien coordin\u00f3 la campa\u00f1a de alfabetizaci\u00f3n de adultos Crear.<\/p>\n","protected":false},"excerpt":{"rendered":"<p>La pel\u00edcula se presenta a una semana de su fallecimiento del reconocido educador neuquino, disc\u00edpulo&#8230;<\/p>\n","protected":false},"author":2,"featured_media":164719,"comment_status":"open","ping_status":"open","sticky":false,"template":"","format":"standard","meta":{"footnotes":""},"categories":[4],"tags":[],"class_list":["post-164718","post","type-post","status-publish","format-standard","has-post-thumbnail","hentry","category-espectaculos"],"featured_image_urls":{"full":"","thumbnail":"","medium":"","medium_large":"","large":"","1536x1536":"","2048x2048":"","newsium-slider-full":"","newsium-featured":"","newsium-medium":""},"author_info":{"info":["c1500921"]},"category_info":"<a href=\"https:\/\/radiofenix.com.ar\/2023\/category\/espectaculos\/\" rel=\"category tag\">Espectaculos<\/a>","tag_info":"Espectaculos","comment_count":"0","_links":{"self":[{"href":"https:\/\/radiofenix.com.ar\/2023\/wp-json\/wp\/v2\/posts\/164718","targetHints":{"allow":["GET"]}}],"collection":[{"href":"https:\/\/radiofenix.com.ar\/2023\/wp-json\/wp\/v2\/posts"}],"about":[{"href":"https:\/\/radiofenix.com.ar\/2023\/wp-json\/wp\/v2\/types\/post"}],"author":[{"embeddable":true,"href":"https:\/\/radiofenix.com.ar\/2023\/wp-json\/wp\/v2\/users\/2"}],"replies":[{"embeddable":true,"href":"https:\/\/radiofenix.com.ar\/2023\/wp-json\/wp\/v2\/comments?post=164718"}],"version-history":[{"count":0,"href":"https:\/\/radiofenix.com.ar\/2023\/wp-json\/wp\/v2\/posts\/164718\/revisions"}],"wp:featuredmedia":[{"embeddable":true,"href":"https:\/\/radiofenix.com.ar\/2023\/wp-json\/"}],"wp:attachment":[{"href":"https:\/\/radiofenix.com.ar\/2023\/wp-json\/wp\/v2\/media?parent=164718"}],"wp:term":[{"taxonomy":"category","embeddable":true,"href":"https:\/\/radiofenix.com.ar\/2023\/wp-json\/wp\/v2\/categories?post=164718"},{"taxonomy":"post_tag","embeddable":true,"href":"https:\/\/radiofenix.com.ar\/2023\/wp-json\/wp\/v2\/tags?post=164718"}],"curies":[{"name":"wp","href":"https:\/\/api.w.org\/{rel}","templated":true}]}}