{"id":164722,"date":"2023-02-25T22:06:04","date_gmt":"2023-02-25T22:06:04","guid":{"rendered":"http:\/\/radiofenix.com.ar\/juraran-los-senadores-en-el-consejo-de-la-magistratura-con-donate-proscripto\/"},"modified":"2023-02-25T22:06:04","modified_gmt":"2023-02-25T22:06:04","slug":"juraran-los-senadores-en-el-consejo-de-la-magistratura-con-donate-proscripto","status":"publish","type":"post","link":"https:\/\/radiofenix.com.ar\/2023\/juraran-los-senadores-en-el-consejo-de-la-magistratura-con-donate-proscripto\/","title":{"rendered":"Jurar\u00e1n los senadores en el Consejo de la Magistratura con Do\u00f1ate proscripto"},"content":{"rendered":"<p>El acto del martes pr\u00f3ximo, ser\u00e1 a las 10, tendr\u00e1 car\u00e1cter institucional y consistir\u00e1 simplemente en el juramento de los tres senadores de acuerdo a sus creencias, sin discursos ni otras instancias.El acto del martes pr\u00f3ximo, ser\u00e1 a las 10, tendr\u00e1 car\u00e1cter institucional y consistir\u00e1 simplemente en el juramento de los tres senadores de acuerdo a sus creencias, sin discursos ni otras instancias.<\/p>\n","protected":false},"excerpt":{"rendered":"<p>El acto del martes pr\u00f3ximo, ser\u00e1 a las 10, tendr\u00e1 car\u00e1cter institucional y consistir\u00e1 simplemente&#8230;<\/p>\n","protected":false},"author":2,"featured_media":164723,"comment_status":"open","ping_status":"open","sticky":false,"template":"","format":"standard","meta":{"footnotes":""},"categories":[2],"tags":[],"class_list":["post-164722","post","type-post","status-publish","format-standard","has-post-thumbnail","hentry","category-politica"],"featured_image_urls":{"full":"","thumbnail":"","medium":"","medium_large":"","large":"","1536x1536":"","2048x2048":"","newsium-slider-full":"","newsium-featured":"","newsium-medium":""},"author_info":{"info":["c1500921"]},"category_info":"<a href=\"https:\/\/radiofenix.com.ar\/2023\/category\/politica\/\" rel=\"category tag\">Pol\u00edtica<\/a>","tag_info":"Pol\u00edtica","comment_count":"0","_links":{"self":[{"href":"https:\/\/radiofenix.com.ar\/2023\/wp-json\/wp\/v2\/posts\/164722","targetHints":{"allow":["GET"]}}],"collection":[{"href":"https:\/\/radiofenix.com.ar\/2023\/wp-json\/wp\/v2\/posts"}],"about":[{"href":"https:\/\/radiofenix.com.ar\/2023\/wp-json\/wp\/v2\/types\/post"}],"author":[{"embeddable":true,"href":"https:\/\/radiofenix.com.ar\/2023\/wp-json\/wp\/v2\/users\/2"}],"replies":[{"embeddable":true,"href":"https:\/\/radiofenix.com.ar\/2023\/wp-json\/wp\/v2\/comments?post=164722"}],"version-history":[{"count":0,"href":"https:\/\/radiofenix.com.ar\/2023\/wp-json\/wp\/v2\/posts\/164722\/revisions"}],"wp:featuredmedia":[{"embeddable":true,"href":"https:\/\/radiofenix.com.ar\/2023\/wp-json\/"}],"wp:attachment":[{"href":"https:\/\/radiofenix.com.ar\/2023\/wp-json\/wp\/v2\/media?parent=164722"}],"wp:term":[{"taxonomy":"category","embeddable":true,"href":"https:\/\/radiofenix.com.ar\/2023\/wp-json\/wp\/v2\/categories?post=164722"},{"taxonomy":"post_tag","embeddable":true,"href":"https:\/\/radiofenix.com.ar\/2023\/wp-json\/wp\/v2\/tags?post=164722"}],"curies":[{"name":"wp","href":"https:\/\/api.w.org\/{rel}","templated":true}]}}