{"id":164727,"date":"2023-02-25T22:06:06","date_gmt":"2023-02-25T22:06:06","guid":{"rendered":"http:\/\/radiofenix.com.ar\/el-frente-de-todos-suma-precandidatos-de-cara-a-las-elecciones\/"},"modified":"2023-02-25T22:06:06","modified_gmt":"2023-02-25T22:06:06","slug":"el-frente-de-todos-suma-precandidatos-de-cara-a-las-elecciones","status":"publish","type":"post","link":"https:\/\/radiofenix.com.ar\/2023\/el-frente-de-todos-suma-precandidatos-de-cara-a-las-elecciones\/","title":{"rendered":"El Frente de Todos suma precandidatos de cara a las elecciones"},"content":{"rendered":"<p>Mientras el Presidente\u00a0se enfoca en la defensa de la gesti\u00f3n que har\u00e1 ante el Congreso en la apertura de sesiones y se esperan las negociaciones de la mesa pol\u00edtica del espacio, Scioli, Grabois y Lozano anunciaron su intenci\u00f3n de competir en las PASO.Mientras el Presidente\u00a0se enfoca en la defensa de la gesti\u00f3n que har\u00e1 ante el Congreso en la apertura de sesiones y se esperan las negociaciones de la mesa pol\u00edtica del espacio, Scioli, Grabois y Lozano anunciaron su intenci\u00f3n de competir en las PASO.<\/p>\n","protected":false},"excerpt":{"rendered":"<p>Mientras el Presidente\u00a0se enfoca en la defensa de la gesti\u00f3n que har\u00e1 ante el Congreso&#8230;<\/p>\n","protected":false},"author":2,"featured_media":164728,"comment_status":"open","ping_status":"open","sticky":false,"template":"","format":"standard","meta":{"footnotes":""},"categories":[2],"tags":[],"class_list":["post-164727","post","type-post","status-publish","format-standard","has-post-thumbnail","hentry","category-politica"],"featured_image_urls":{"full":"","thumbnail":"","medium":"","medium_large":"","large":"","1536x1536":"","2048x2048":"","newsium-slider-full":"","newsium-featured":"","newsium-medium":""},"author_info":{"info":["c1500921"]},"category_info":"<a href=\"https:\/\/radiofenix.com.ar\/2023\/category\/politica\/\" rel=\"category tag\">Pol\u00edtica<\/a>","tag_info":"Pol\u00edtica","comment_count":"0","_links":{"self":[{"href":"https:\/\/radiofenix.com.ar\/2023\/wp-json\/wp\/v2\/posts\/164727","targetHints":{"allow":["GET"]}}],"collection":[{"href":"https:\/\/radiofenix.com.ar\/2023\/wp-json\/wp\/v2\/posts"}],"about":[{"href":"https:\/\/radiofenix.com.ar\/2023\/wp-json\/wp\/v2\/types\/post"}],"author":[{"embeddable":true,"href":"https:\/\/radiofenix.com.ar\/2023\/wp-json\/wp\/v2\/users\/2"}],"replies":[{"embeddable":true,"href":"https:\/\/radiofenix.com.ar\/2023\/wp-json\/wp\/v2\/comments?post=164727"}],"version-history":[{"count":0,"href":"https:\/\/radiofenix.com.ar\/2023\/wp-json\/wp\/v2\/posts\/164727\/revisions"}],"wp:featuredmedia":[{"embeddable":true,"href":"https:\/\/radiofenix.com.ar\/2023\/wp-json\/"}],"wp:attachment":[{"href":"https:\/\/radiofenix.com.ar\/2023\/wp-json\/wp\/v2\/media?parent=164727"}],"wp:term":[{"taxonomy":"category","embeddable":true,"href":"https:\/\/radiofenix.com.ar\/2023\/wp-json\/wp\/v2\/categories?post=164727"},{"taxonomy":"post_tag","embeddable":true,"href":"https:\/\/radiofenix.com.ar\/2023\/wp-json\/wp\/v2\/tags?post=164727"}],"curies":[{"name":"wp","href":"https:\/\/api.w.org\/{rel}","templated":true}]}}