{"id":164735,"date":"2023-02-26T00:05:57","date_gmt":"2023-02-26T00:05:57","guid":{"rendered":"http:\/\/radiofenix.com.ar\/el-presidente-y-el-fdt-recordaron-la-figura-de-nestor-kirchner\/"},"modified":"2023-02-26T00:05:57","modified_gmt":"2023-02-26T00:05:57","slug":"el-presidente-y-el-fdt-recordaron-la-figura-de-nestor-kirchner","status":"publish","type":"post","link":"https:\/\/radiofenix.com.ar\/2023\/el-presidente-y-el-fdt-recordaron-la-figura-de-nestor-kirchner\/","title":{"rendered":"El Presidente y el FdT recordaron la figura de N\u00e9stor Kirchner"},"content":{"rendered":"<p>El Presidente Alberto Fern\u00e1ndez, los ministros Taiana y De Pedro, el gobernador Gildo Insfran, los intendentes Espinoza y Mendoza, entre otros funcionarios y dirigentes del Frente de Todos recordaron a N\u00e9stor en el d\u00eda de su cumplea\u00f1os.El Presidente Alberto Fern\u00e1ndez, los ministros Taiana y De Pedro, el gobernador Gildo Insfran, los intendentes Espinoza y Mendoza, entre otros funcionarios y dirigentes del Frente de Todos recordaron a N\u00e9stor en el d\u00eda de su cumplea\u00f1os.<\/p>\n","protected":false},"excerpt":{"rendered":"<p>El Presidente Alberto Fern\u00e1ndez, los ministros Taiana y De Pedro, el gobernador Gildo Insfran, los&#8230;<\/p>\n","protected":false},"author":2,"featured_media":164736,"comment_status":"open","ping_status":"open","sticky":false,"template":"","format":"standard","meta":{"footnotes":""},"categories":[2],"tags":[],"class_list":["post-164735","post","type-post","status-publish","format-standard","has-post-thumbnail","hentry","category-politica"],"featured_image_urls":{"full":"","thumbnail":"","medium":"","medium_large":"","large":"","1536x1536":"","2048x2048":"","newsium-slider-full":"","newsium-featured":"","newsium-medium":""},"author_info":{"info":["c1500921"]},"category_info":"<a href=\"https:\/\/radiofenix.com.ar\/2023\/category\/politica\/\" rel=\"category tag\">Pol\u00edtica<\/a>","tag_info":"Pol\u00edtica","comment_count":"0","_links":{"self":[{"href":"https:\/\/radiofenix.com.ar\/2023\/wp-json\/wp\/v2\/posts\/164735","targetHints":{"allow":["GET"]}}],"collection":[{"href":"https:\/\/radiofenix.com.ar\/2023\/wp-json\/wp\/v2\/posts"}],"about":[{"href":"https:\/\/radiofenix.com.ar\/2023\/wp-json\/wp\/v2\/types\/post"}],"author":[{"embeddable":true,"href":"https:\/\/radiofenix.com.ar\/2023\/wp-json\/wp\/v2\/users\/2"}],"replies":[{"embeddable":true,"href":"https:\/\/radiofenix.com.ar\/2023\/wp-json\/wp\/v2\/comments?post=164735"}],"version-history":[{"count":0,"href":"https:\/\/radiofenix.com.ar\/2023\/wp-json\/wp\/v2\/posts\/164735\/revisions"}],"wp:featuredmedia":[{"embeddable":true,"href":"https:\/\/radiofenix.com.ar\/2023\/wp-json\/"}],"wp:attachment":[{"href":"https:\/\/radiofenix.com.ar\/2023\/wp-json\/wp\/v2\/media?parent=164735"}],"wp:term":[{"taxonomy":"category","embeddable":true,"href":"https:\/\/radiofenix.com.ar\/2023\/wp-json\/wp\/v2\/categories?post=164735"},{"taxonomy":"post_tag","embeddable":true,"href":"https:\/\/radiofenix.com.ar\/2023\/wp-json\/wp\/v2\/tags?post=164735"}],"curies":[{"name":"wp","href":"https:\/\/api.w.org\/{rel}","templated":true}]}}