{"id":164739,"date":"2023-02-26T00:05:58","date_gmt":"2023-02-26T00:05:58","guid":{"rendered":"http:\/\/radiofenix.com.ar\/dos-sobrevivientes-de-la-esma-declararan-en-el-juicio-por-la-apropiacion-de-victoria-donda\/"},"modified":"2023-02-26T00:05:58","modified_gmt":"2023-02-26T00:05:58","slug":"dos-sobrevivientes-de-la-esma-declararan-en-el-juicio-por-la-apropiacion-de-victoria-donda","status":"publish","type":"post","link":"https:\/\/radiofenix.com.ar\/2023\/dos-sobrevivientes-de-la-esma-declararan-en-el-juicio-por-la-apropiacion-de-victoria-donda\/","title":{"rendered":"Dos sobrevivientes de la ESMA declarar\u00e1n en el juicio por la apropiaci\u00f3n de Victoria Donda"},"content":{"rendered":"<p>Adriana Rut Marcus y Alicia Ruszkowski brindar\u00e1n testimonio en la causa impulsada por la Asociaci\u00f3n Abuelas de Plaza de Mayo contra el exmarino Adolfo Miguel Donda por la supresi\u00f3n de identidad de su sobrina y nieta restituida, quien recientemente ocupara el cargo de titular del Inadi.Adriana Rut Marcus y Alicia Ruszkowski brindar\u00e1n testimonio en la causa impulsada por la Asociaci\u00f3n Abuelas de Plaza de Mayo contra el exmarino Adolfo Miguel Donda por la supresi\u00f3n de identidad de su sobrina y nieta restituida, quien recientemente ocupara el cargo de titular del Inadi.<\/p>\n","protected":false},"excerpt":{"rendered":"<p>Adriana Rut Marcus y Alicia Ruszkowski brindar\u00e1n testimonio en la causa impulsada por la Asociaci\u00f3n&#8230;<\/p>\n","protected":false},"author":2,"featured_media":164740,"comment_status":"open","ping_status":"open","sticky":false,"template":"","format":"standard","meta":{"footnotes":""},"categories":[2],"tags":[],"class_list":["post-164739","post","type-post","status-publish","format-standard","has-post-thumbnail","hentry","category-politica"],"featured_image_urls":{"full":"","thumbnail":"","medium":"","medium_large":"","large":"","1536x1536":"","2048x2048":"","newsium-slider-full":"","newsium-featured":"","newsium-medium":""},"author_info":{"info":["c1500921"]},"category_info":"<a href=\"https:\/\/radiofenix.com.ar\/2023\/category\/politica\/\" rel=\"category tag\">Pol\u00edtica<\/a>","tag_info":"Pol\u00edtica","comment_count":"0","_links":{"self":[{"href":"https:\/\/radiofenix.com.ar\/2023\/wp-json\/wp\/v2\/posts\/164739","targetHints":{"allow":["GET"]}}],"collection":[{"href":"https:\/\/radiofenix.com.ar\/2023\/wp-json\/wp\/v2\/posts"}],"about":[{"href":"https:\/\/radiofenix.com.ar\/2023\/wp-json\/wp\/v2\/types\/post"}],"author":[{"embeddable":true,"href":"https:\/\/radiofenix.com.ar\/2023\/wp-json\/wp\/v2\/users\/2"}],"replies":[{"embeddable":true,"href":"https:\/\/radiofenix.com.ar\/2023\/wp-json\/wp\/v2\/comments?post=164739"}],"version-history":[{"count":0,"href":"https:\/\/radiofenix.com.ar\/2023\/wp-json\/wp\/v2\/posts\/164739\/revisions"}],"wp:featuredmedia":[{"embeddable":true,"href":"https:\/\/radiofenix.com.ar\/2023\/wp-json\/"}],"wp:attachment":[{"href":"https:\/\/radiofenix.com.ar\/2023\/wp-json\/wp\/v2\/media?parent=164739"}],"wp:term":[{"taxonomy":"category","embeddable":true,"href":"https:\/\/radiofenix.com.ar\/2023\/wp-json\/wp\/v2\/categories?post=164739"},{"taxonomy":"post_tag","embeddable":true,"href":"https:\/\/radiofenix.com.ar\/2023\/wp-json\/wp\/v2\/tags?post=164739"}],"curies":[{"name":"wp","href":"https:\/\/api.w.org\/{rel}","templated":true}]}}