{"id":164741,"date":"2023-02-26T00:05:59","date_gmt":"2023-02-26T00:05:59","guid":{"rendered":"http:\/\/radiofenix.com.ar\/cristina-kirchner-recordo-a-nestor-vive-en-todos-nosotros\/"},"modified":"2023-02-26T00:05:59","modified_gmt":"2023-02-26T00:05:59","slug":"cristina-kirchner-recordo-a-nestor-vive-en-todos-nosotros","status":"publish","type":"post","link":"https:\/\/radiofenix.com.ar\/2023\/cristina-kirchner-recordo-a-nestor-vive-en-todos-nosotros\/","title":{"rendered":"Cristina Kirchner record\u00f3 a N\u00e9stor: \u00abVive en todos nosotros\u00bb"},"content":{"rendered":"<p>La expresidenta comparti\u00f3 el recuerdo que previamente public\u00f3 su hija Florencia en Instagram, acompa\u00f1ado por un texto que dec\u00eda:\u00a0 \u00abEsto lleg\u00f3 a mi ayer. Hoy veinticinco, es su cumplea\u00f1os. No puedo dejar de mirarlo. Gracias por el rescate\u00bb. El recuerdo de su figura en el FdT y La C\u00e1mpora.La expresidenta comparti\u00f3 el recuerdo que previamente public\u00f3 su hija Florencia en Instagram, acompa\u00f1ado por un texto que dec\u00eda:\u00a0 \u00abEsto lleg\u00f3 a mi ayer. Hoy veinticinco, es su cumplea\u00f1os. No puedo dejar de mirarlo. Gracias por el rescate\u00bb. El recuerdo de su figura en el FdT y La C\u00e1mpora.<\/p>\n","protected":false},"excerpt":{"rendered":"<p>La expresidenta comparti\u00f3 el recuerdo que previamente public\u00f3 su hija Florencia en Instagram, acompa\u00f1ado por&#8230;<\/p>\n","protected":false},"author":2,"featured_media":164742,"comment_status":"open","ping_status":"open","sticky":false,"template":"","format":"standard","meta":{"footnotes":""},"categories":[2],"tags":[],"class_list":["post-164741","post","type-post","status-publish","format-standard","has-post-thumbnail","hentry","category-politica"],"featured_image_urls":{"full":"","thumbnail":"","medium":"","medium_large":"","large":"","1536x1536":"","2048x2048":"","newsium-slider-full":"","newsium-featured":"","newsium-medium":""},"author_info":{"info":["c1500921"]},"category_info":"<a href=\"https:\/\/radiofenix.com.ar\/2023\/category\/politica\/\" rel=\"category tag\">Pol\u00edtica<\/a>","tag_info":"Pol\u00edtica","comment_count":"0","_links":{"self":[{"href":"https:\/\/radiofenix.com.ar\/2023\/wp-json\/wp\/v2\/posts\/164741","targetHints":{"allow":["GET"]}}],"collection":[{"href":"https:\/\/radiofenix.com.ar\/2023\/wp-json\/wp\/v2\/posts"}],"about":[{"href":"https:\/\/radiofenix.com.ar\/2023\/wp-json\/wp\/v2\/types\/post"}],"author":[{"embeddable":true,"href":"https:\/\/radiofenix.com.ar\/2023\/wp-json\/wp\/v2\/users\/2"}],"replies":[{"embeddable":true,"href":"https:\/\/radiofenix.com.ar\/2023\/wp-json\/wp\/v2\/comments?post=164741"}],"version-history":[{"count":0,"href":"https:\/\/radiofenix.com.ar\/2023\/wp-json\/wp\/v2\/posts\/164741\/revisions"}],"wp:featuredmedia":[{"embeddable":true,"href":"https:\/\/radiofenix.com.ar\/2023\/wp-json\/"}],"wp:attachment":[{"href":"https:\/\/radiofenix.com.ar\/2023\/wp-json\/wp\/v2\/media?parent=164741"}],"wp:term":[{"taxonomy":"category","embeddable":true,"href":"https:\/\/radiofenix.com.ar\/2023\/wp-json\/wp\/v2\/categories?post=164741"},{"taxonomy":"post_tag","embeddable":true,"href":"https:\/\/radiofenix.com.ar\/2023\/wp-json\/wp\/v2\/tags?post=164741"}],"curies":[{"name":"wp","href":"https:\/\/api.w.org\/{rel}","templated":true}]}}