{"id":174548,"date":"2023-05-30T01:54:00","date_gmt":"2023-05-30T01:54:00","guid":{"rendered":"http:\/\/radiofenix.com.ar\/la-historia-de-los-refranes-se-dice-el-pecado-pero-no-el-pecador\/"},"modified":"2023-05-30T01:54:00","modified_gmt":"2023-05-30T01:54:00","slug":"la-historia-de-los-refranes-se-dice-el-pecado-pero-no-el-pecador","status":"publish","type":"post","link":"https:\/\/radiofenix.com.ar\/2023\/la-historia-de-los-refranes-se-dice-el-pecado-pero-no-el-pecador\/","title":{"rendered":"La historia de los refranes: \u00abSe dice el pecado pero no el pecador\u00bb"},"content":{"rendered":"<p>La tradici\u00f3n judeocristiana, cuya fuente es la Biblia, ha entendido el pecado como el alejamiento de una persona de la voluntad de Dios. Pero la misma Biblia ense\u00f1a que &amp;ldquo;todos somos pecadores ante los ojos de Dios&amp;rdquo;, as\u00ed que, estemos cerca o lejos de su Voluntad&amp;hellip;La tradici\u00f3n judeocristiana, cuya fuente es la Biblia, ha entendido el pecado como el alejamiento de una persona de la voluntad de Dios. Pero la misma Biblia ense\u00f1a que &amp;ldquo;todos somos pecadores ante los ojos de Dios&amp;rdquo;, as\u00ed que, estemos cerca o lejos de su Voluntad&amp;hellip;<\/p>\n","protected":false},"excerpt":{"rendered":"<p>La tradici\u00f3n judeocristiana, cuya fuente es la Biblia, ha entendido el pecado como el alejamiento&#8230;<\/p>\n","protected":false},"author":2,"featured_media":174549,"comment_status":"open","ping_status":"open","sticky":false,"template":"","format":"standard","meta":{"footnotes":""},"categories":[4],"tags":[],"class_list":["post-174548","post","type-post","status-publish","format-standard","has-post-thumbnail","hentry","category-espectaculos"],"featured_image_urls":{"full":"","thumbnail":"","medium":"","medium_large":"","large":"","1536x1536":"","2048x2048":"","newsium-slider-full":"","newsium-featured":"","newsium-medium":""},"author_info":{"info":["c1500921"]},"category_info":"<a href=\"https:\/\/radiofenix.com.ar\/2023\/category\/espectaculos\/\" rel=\"category tag\">Espectaculos<\/a>","tag_info":"Espectaculos","comment_count":"0","_links":{"self":[{"href":"https:\/\/radiofenix.com.ar\/2023\/wp-json\/wp\/v2\/posts\/174548","targetHints":{"allow":["GET"]}}],"collection":[{"href":"https:\/\/radiofenix.com.ar\/2023\/wp-json\/wp\/v2\/posts"}],"about":[{"href":"https:\/\/radiofenix.com.ar\/2023\/wp-json\/wp\/v2\/types\/post"}],"author":[{"embeddable":true,"href":"https:\/\/radiofenix.com.ar\/2023\/wp-json\/wp\/v2\/users\/2"}],"replies":[{"embeddable":true,"href":"https:\/\/radiofenix.com.ar\/2023\/wp-json\/wp\/v2\/comments?post=174548"}],"version-history":[{"count":0,"href":"https:\/\/radiofenix.com.ar\/2023\/wp-json\/wp\/v2\/posts\/174548\/revisions"}],"wp:featuredmedia":[{"embeddable":true,"href":"https:\/\/radiofenix.com.ar\/2023\/wp-json\/"}],"wp:attachment":[{"href":"https:\/\/radiofenix.com.ar\/2023\/wp-json\/wp\/v2\/media?parent=174548"}],"wp:term":[{"taxonomy":"category","embeddable":true,"href":"https:\/\/radiofenix.com.ar\/2023\/wp-json\/wp\/v2\/categories?post=174548"},{"taxonomy":"post_tag","embeddable":true,"href":"https:\/\/radiofenix.com.ar\/2023\/wp-json\/wp\/v2\/tags?post=174548"}],"curies":[{"name":"wp","href":"https:\/\/api.w.org\/{rel}","templated":true}]}}