{"id":176093,"date":"2023-06-14T12:29:25","date_gmt":"2023-06-14T12:29:25","guid":{"rendered":"http:\/\/radiofenix.com.ar\/?p=176093"},"modified":"2023-06-14T12:29:25","modified_gmt":"2023-06-14T12:29:25","slug":"postales-del-2-encuentro-de-genero-y-derechos-laborales-atilra-2023","status":"publish","type":"post","link":"https:\/\/radiofenix.com.ar\/2023\/postales-del-2-encuentro-de-genero-y-derechos-laborales-atilra-2023\/","title":{"rendered":"Postales del 2\u00b0 Encuentro de G\u00e9nero y Derechos Laborales | Atilra 2023"},"content":{"rendered":"\n<figure class=\"wp-block-image size-large\"><a href=\"http:\/\/radiofenix.com.ar\/wp-content\/uploads\/2023\/06\/fotgrafias-2EGDDLL-Atilra.9.jpg\"><img decoding=\"async\" src=\"http:\/\/radiofenix.com.ar\/wp-content\/uploads\/2023\/06\/fotgrafias-2EGDDLL-Atilra.9-840x840.jpg\" alt=\"\" class=\"wp-image-176097\"\/><\/a><figcaption>2\u00b0 Encuentro de G\u00e9nero y Derechos Laborales<\/figcaption><\/figure>\n\n\n\n<p>As\u00ed nos encontr\u00e1bamos el pasado jueves 8 y viernes 9 de Junio, congregad@s en las instalaciones del Centro Educativo Tecnol\u00f3gico Atilra, para vivenciar lo que fuera el 2\u00b0 Encuentro de G\u00e9nero y Derechos Laborales \u201cSin justicia, no hay derechos\u201d organizado por Atilra y su Fundaci\u00f3n.Hoy les compartimos, algunas postales de este evento de gran relevancia que convoc\u00f3, en cada jornada, alrededor de 400 personas incluyendo a participantes, invitad@s, medios de comunicaci\u00f3n y disertantes que llegaron de diversos puntos del territorio nacional, incluso de pa\u00edses lim\u00edtrofes.Estas instancias de conocimiento, exposici\u00f3n, debate y pluralidad de voces en materia de g\u00e9nero, pretenden dar visibilidad a las mujeres y diversidades en el entramado social desde diversos enfoques.Tras las palabras de bienvenida de Elodi De Franceschi, Secretaria de la mujer, g\u00e9nero y diversidad de Atilra y Et\u00edn Ponce, Secretario General de Atilra, qued\u00f3 formalmente inaugurado el envento que incluy\u00f3 en el d\u00eda 1 a disertantes y talleristas como: Itat\u00ed Demarchi, Ana Ara\u00fajo, Luciana Peker, Diana Maff\u00eda, Pupina Plomer, Luciano Fabbri y en la segunda jornada a: Deolinda Carrizo, M. Rosa Scala y nuevamente cont\u00f3 con la presencia de Ana Ara\u00fajo y Diana Maff\u00eda; para culminar con un cierre desarrollado por las compa\u00f1eras Elodi De Franceschi, Luciana Welchen e Ivana Kustec.Cabe mencionar que estas jornadas, de car\u00e1cter latinoamericano, fueron declaradas de inter\u00e9s por la C\u00e1mara de Diputadas y Diputados de la Prov. de Santa Fe y por el Concejo Municipal de Sunchales.Gracias a tod@s l@s que estuvieron presentes en estas fruct\u00edferas jornadas que nos atravesaron y sin dudas nos han dejado muchas reflexiones para analizar de manera personal y como actores y actrices de esta sociedad.Un especial agradecimiento al equipo humano del grupo Atilra quienes le pusieron cuerpo y alma a esta gran propuesta.A tod@s&#8230; \u00a1GRACIAS!<\/p>\n\n\n\n<figure class=\"wp-block-image size-large\"><a href=\"http:\/\/radiofenix.com.ar\/wp-content\/uploads\/2023\/06\/fotgrafias-2EGDDLL-Atilra.2.jpg\"><img decoding=\"async\" src=\"http:\/\/radiofenix.com.ar\/wp-content\/uploads\/2023\/06\/fotgrafias-2EGDDLL-Atilra.2-840x840.jpg\" alt=\"\" class=\"wp-image-176104\"\/><\/a><\/figure>\n\n\n\n<figure class=\"wp-block-image size-large\"><a href=\"http:\/\/radiofenix.com.ar\/wp-content\/uploads\/2023\/06\/fotgrafias-2EGDDLL-Atilra.3.jpg\"><img decoding=\"async\" src=\"http:\/\/radiofenix.com.ar\/wp-content\/uploads\/2023\/06\/fotgrafias-2EGDDLL-Atilra.3-840x840.jpg\" alt=\"\" class=\"wp-image-176103\"\/><\/a><\/figure>\n","protected":false},"excerpt":{"rendered":"<p>As\u00ed nos encontr\u00e1bamos el pasado jueves 8 y viernes 9 de Junio, congregad@s en las&#8230;<\/p>\n","protected":false},"author":3,"featured_media":176095,"comment_status":"open","ping_status":"open","sticky":true,"template":"","format":"standard","meta":{"footnotes":""},"categories":[12,13,18,7],"tags":[8,9,10,11,14,15,16,17,19],"class_list":["post-176093","post","type-post","status-publish","format-standard","has-post-thumbnail","hentry","category-destacado","category-educacion","category-regionales","category-sociedad","tag-atilra","tag-ddhh","tag-ddll","tag-derechos","tag-encuentro","tag-fundacion-atilra","tag-genero","tag-laborales","tag-sunchales"],"featured_image_urls":{"full":"","thumbnail":"","medium":"","medium_large":"","large":"","1536x1536":"","2048x2048":"","newsium-slider-full":"","newsium-featured":"","newsium-medium":""},"author_info":{"info":["Radio Fenix"]},"category_info":"<a href=\"https:\/\/radiofenix.com.ar\/2023\/category\/destacado\/\" rel=\"category tag\">Destacado<\/a> <a href=\"https:\/\/radiofenix.com.ar\/2023\/category\/educacion\/\" rel=\"category tag\">Educaci\u00f3n<\/a> <a href=\"https:\/\/radiofenix.com.ar\/2023\/category\/regionales\/\" rel=\"category tag\">Regionales<\/a> <a href=\"https:\/\/radiofenix.com.ar\/2023\/category\/sociedad\/\" rel=\"category tag\">Sociedad<\/a>","tag_info":"Sociedad","comment_count":"0","_links":{"self":[{"href":"https:\/\/radiofenix.com.ar\/2023\/wp-json\/wp\/v2\/posts\/176093","targetHints":{"allow":["GET"]}}],"collection":[{"href":"https:\/\/radiofenix.com.ar\/2023\/wp-json\/wp\/v2\/posts"}],"about":[{"href":"https:\/\/radiofenix.com.ar\/2023\/wp-json\/wp\/v2\/types\/post"}],"author":[{"embeddable":true,"href":"https:\/\/radiofenix.com.ar\/2023\/wp-json\/wp\/v2\/users\/3"}],"replies":[{"embeddable":true,"href":"https:\/\/radiofenix.com.ar\/2023\/wp-json\/wp\/v2\/comments?post=176093"}],"version-history":[{"count":0,"href":"https:\/\/radiofenix.com.ar\/2023\/wp-json\/wp\/v2\/posts\/176093\/revisions"}],"wp:featuredmedia":[{"embeddable":true,"href":"https:\/\/radiofenix.com.ar\/2023\/wp-json\/"}],"wp:attachment":[{"href":"https:\/\/radiofenix.com.ar\/2023\/wp-json\/wp\/v2\/media?parent=176093"}],"wp:term":[{"taxonomy":"category","embeddable":true,"href":"https:\/\/radiofenix.com.ar\/2023\/wp-json\/wp\/v2\/categories?post=176093"},{"taxonomy":"post_tag","embeddable":true,"href":"https:\/\/radiofenix.com.ar\/2023\/wp-json\/wp\/v2\/tags?post=176093"}],"curies":[{"name":"wp","href":"https:\/\/api.w.org\/{rel}","templated":true}]}}