{"id":176109,"date":"2023-06-14T13:57:06","date_gmt":"2023-06-14T13:57:06","guid":{"rendered":"http:\/\/radiofenix.com.ar\/?p=176109"},"modified":"2023-06-14T13:57:06","modified_gmt":"2023-06-14T13:57:06","slug":"felipe-michlig","status":"publish","type":"post","link":"https:\/\/radiofenix.com.ar\/2023\/felipe-michlig\/","title":{"rendered":"<em>Felipe Michlig:<\/em>"},"content":{"rendered":"\n<p><strong><u>\u00a0Si gana Maxi Pullaro, est\u00e1 ciudad y el departamento dar\u00e1n un salto cualitativo en todos los \u00f3rdenes<\/u><\/strong><\/p>\n\n\n\n<figure class=\"wp-block-image size-large\"><a href=\"http:\/\/radiofenix.com.ar\/wp-content\/uploads\/2023\/06\/lunes-sc-ministerio.jpg\"><img decoding=\"async\" src=\"http:\/\/radiofenix.com.ar\/wp-content\/uploads\/2023\/06\/lunes-sc-ministerio-840x473.jpg\" alt=\"\" class=\"wp-image-176111\"\/><\/a><\/figure>\n\n\n\n<p>\u201cVisita y aportes a instituciones educativas y deportivas de San Crist\u00f3bal\u201d<\/p>\n\n\n\n<p>Este lunes, en la ciudad de San Crist\u00f3bal el Senador Felipe Michlig, el intendente Horacio Rigo, el Diputado Marcelo Gonz\u00e1lez y la precandidata a Senadora Suplente, Mar\u00eda Paula Salari, visitaron instituciones educativas y deportivas en donde tomaron nota de distintas solicitudes y acercaron aportes legislativos del Programa de Fortalecimiento Institucional (P.F.I.).El Senador Michlig se\u00f1al\u00f3 que \u201choy estamos trabajando con el gran equipo de esta ciudad, que conduce un gran intendente como es el Flaco Rigo, siempre desde el convencimiento seguir avanzando con el crecimiento de la ciudad y el departamento. Si tenemos la suerte de que el pr\u00f3ximo  Gobierno Provincial este en sinton\u00eda con los problemas de los sancristobalense, como parece que va a suceder si gana Maxi Pullaro, est\u00e1 ciudad y el departamento dar\u00e1n un paso cualitativo y superador en todos los \u00f3rdenes, por el compromiso manifestado por nuestro candidato a Gobernador (que en los pr\u00f3ximos d\u00edas nos estar\u00e1 visitando nuevamente). Tambi\u00e9n, por el solo hecho que dejaremos de ser discriminados en el recibimiento de recursos y obras tanto de la provincia, como de la Naci\u00f3n, como ocurre en el presente\u201d.<\/p>\n\n\n\n<p>Actividades<\/p>\n\n\n\n<p>Desde las primeras horas de la ma\u00f1ana los legisladores  provinciales y el  Intendente junto con los concejales Carlos Cattaneo y Edgardo Martino, m\u00e1s el Secretario de Gobierno Pablo Bonacina, visitaron distintos establecimientos educativos, deportivos y atendieron pedidos de los mismos, a saber:- Escuela N\u00b0 3019 Pablo Pizzurno, en donde fueron recibidos por el docente Mario Esquef, a qui\u00e9n entregaron un Aire Acondicionado de 3000 fs, comprometido semanas pasadas.-Escuela N\u00b0 223, recibidos por el Director de la Escuela Cristian Iozia y su Vice, Jessica Compagnon. All\u00ed, se entreg\u00f3 un Aire acondicionado de 4500fg y se comprometieron apoyar una obra futura de cielorraso para uno de los salones de la instituci\u00f3n.-Escuela Agrot\u00e9cnica N\u00b0 339, el director de la Escuela Fabio Barreto, personal docente, personal no docente y alumnos fueron los anfitriones para recibir de parte de los legisladores y el intendente un Aire Acondicionado 4500 fs. Adem\u00e1s, el Senador Michlig comprometi\u00f3 su ayuda y aporte econ\u00f3mico para solventar gastos de sonidos para un evento futuro que est\u00e1n organizado desde el Centro de Estudiantes.-En la Escuela N\u00b0 474 Tambor de Tacuar\u00ed fueron recibidos por el Director Sergio Bustos e integrantes del centro de estudiantes, quienes recibieron un Aire acondicionado de 6000 fs. que sirve para terminar de climatizar todas las aulas de la instituci\u00f3n.-En el Ministerio Casa de Adoraci\u00f3n, fueron recibidos por sus pastores Martin Villafa\u00f1e y Karina de Villafa\u00f1e, a quienes entregaron 20 sillas, respondiendo un requerimiento reciente.<\/p>\n\n\n\n<p>\u201cGalopante inflaci\u00f3n\u201d -En el Centro Comercial de San Crist\u00f3bal fueron recibidos por su Pte. Susana Golle y su equipo de trabajo con qui\u00e9nes mantuvieron \u201cuna reuni\u00f3n muy productiva sobre diversos temas del sector, que se ve perjudicado por la galopante inflaci\u00f3n, al igual que todos los argentinos\u201d, se\u00f1al\u00f3 el intendente Rigo.-Luego se trasladaron al Club Racing L.T.C en donde mantuvieron una reuni\u00f3n con la Comisi\u00f3n Directiva, entre ellos su Pte. Abel Tevez, la Sec.de CD Pamela Karfis y Juan Jos\u00e9 Maidana T\u00e9cnico de la Primera divisi\u00f3n y categor\u00eda U18.-Por \u00faltimo, visitaron la Escuela Especial de San Crist\u00f3bal N\u00b02029 \u00abDr H\u00c9CTOR CORVI\u00bb, en donde fueron recibidos por la directora Rosana Crippa. All\u00ed escucharon distintas inquietudes, programas y objetivos que se comprometieron apoyar como los actos con motivo de los 50 a\u00f1os de la Escuela. Tambi\u00e9n recorrieron las instalaciones y relevaron obras que apoyaron para su concreci\u00f3n y saludaron a los alumnos presentes.<\/p>\n\n\n\n<figure class=\"wp-block-gallery columns-3 is-cropped wp-block-gallery-1 is-layout-flex wp-block-gallery-is-layout-flex\"><ul class=\"blocks-gallery-grid\"><li class=\"blocks-gallery-item\"><figure><a href=\"http:\/\/radiofenix.com.ar\/wp-content\/uploads\/2023\/06\/lunes-esc-sc-ppal.jpg\"><img decoding=\"async\" src=\"http:\/\/radiofenix.com.ar\/wp-content\/uploads\/2023\/06\/lunes-esc-sc-ppal-840x473.jpg\" alt=\"\" data-id=\"176112\" data-full-url=\"http:\/\/radiofenix.com.ar\/wp-content\/uploads\/2023\/06\/lunes-esc-sc-ppal.jpg\" data-link=\"http:\/\/radiofenix.com.ar\/?attachment_id=176112\" class=\"wp-image-176112\"\/><\/a><\/figure><\/li><li class=\"blocks-gallery-item\"><figure><a href=\"http:\/\/radiofenix.com.ar\/wp-content\/uploads\/2023\/06\/lunes-sc-esc2.jpg\"><img decoding=\"async\" src=\"http:\/\/radiofenix.com.ar\/wp-content\/uploads\/2023\/06\/lunes-sc-esc2-840x473.jpg\" alt=\"\" data-id=\"176113\" data-full-url=\"http:\/\/radiofenix.com.ar\/wp-content\/uploads\/2023\/06\/lunes-sc-esc2.jpg\" data-link=\"http:\/\/radiofenix.com.ar\/?attachment_id=176113\" class=\"wp-image-176113\"\/><\/a><\/figure><\/li><li class=\"blocks-gallery-item\"><figure><a href=\"http:\/\/radiofenix.com.ar\/wp-content\/uploads\/2023\/06\/lunes-sc-club.jpg\"><img decoding=\"async\" src=\"http:\/\/radiofenix.com.ar\/wp-content\/uploads\/2023\/06\/lunes-sc-club-840x473.jpg\" alt=\"\" data-id=\"176114\" data-full-url=\"http:\/\/radiofenix.com.ar\/wp-content\/uploads\/2023\/06\/lunes-sc-club.jpg\" data-link=\"http:\/\/radiofenix.com.ar\/?attachment_id=176114\" class=\"wp-image-176114\"\/><\/a><\/figure><\/li><li class=\"blocks-gallery-item\"><figure><a href=\"http:\/\/radiofenix.com.ar\/wp-content\/uploads\/2023\/06\/lunes-sancris1-.jpg\"><img decoding=\"async\" src=\"http:\/\/radiofenix.com.ar\/wp-content\/uploads\/2023\/06\/lunes-sancris1--840x473.jpg\" alt=\"\" data-id=\"176115\" data-full-url=\"http:\/\/radiofenix.com.ar\/wp-content\/uploads\/2023\/06\/lunes-sancris1-.jpg\" data-link=\"http:\/\/radiofenix.com.ar\/?attachment_id=176115\" class=\"wp-image-176115\"\/><\/a><\/figure><\/li><li class=\"blocks-gallery-item\"><figure><a href=\"http:\/\/radiofenix.com.ar\/wp-content\/uploads\/2023\/06\/lunes-sancri2.jpg\"><img decoding=\"async\" src=\"http:\/\/radiofenix.com.ar\/wp-content\/uploads\/2023\/06\/lunes-sancri2-840x473.jpg\" alt=\"\" data-id=\"176116\" data-full-url=\"http:\/\/radiofenix.com.ar\/wp-content\/uploads\/2023\/06\/lunes-sancri2.jpg\" data-link=\"http:\/\/radiofenix.com.ar\/?attachment_id=176116\" class=\"wp-image-176116\"\/><\/a><\/figure><\/li><\/ul><\/figure>\n","protected":false},"excerpt":{"rendered":"<p>\u00a0Si gana Maxi Pullaro, est\u00e1 ciudad y el departamento dar\u00e1n un salto cualitativo en todos&#8230;<\/p>\n","protected":false},"author":3,"featured_media":170231,"comment_status":"open","ping_status":"open","sticky":true,"template":"","format":"standard","meta":{"footnotes":""},"categories":[2,18],"tags":[20,21,22,23,24,25,26],"class_list":["post-176109","post","type-post","status-publish","format-standard","has-post-thumbnail","hentry","category-politica","category-regionales","tag-aportes","tag-felipe","tag-felipe-michlig","tag-michlig","tag-obras","tag-san-cristobal-2","tag-senadores"],"featured_image_urls":{"full":"","thumbnail":"","medium":"","medium_large":"","large":"","1536x1536":"","2048x2048":"","newsium-slider-full":"","newsium-featured":"","newsium-medium":""},"author_info":{"info":["Radio Fenix"]},"category_info":"<a href=\"https:\/\/radiofenix.com.ar\/2023\/category\/politica\/\" rel=\"category tag\">Pol\u00edtica<\/a> <a href=\"https:\/\/radiofenix.com.ar\/2023\/category\/regionales\/\" rel=\"category tag\">Regionales<\/a>","tag_info":"Regionales","comment_count":"0","_links":{"self":[{"href":"https:\/\/radiofenix.com.ar\/2023\/wp-json\/wp\/v2\/posts\/176109","targetHints":{"allow":["GET"]}}],"collection":[{"href":"https:\/\/radiofenix.com.ar\/2023\/wp-json\/wp\/v2\/posts"}],"about":[{"href":"https:\/\/radiofenix.com.ar\/2023\/wp-json\/wp\/v2\/types\/post"}],"author":[{"embeddable":true,"href":"https:\/\/radiofenix.com.ar\/2023\/wp-json\/wp\/v2\/users\/3"}],"replies":[{"embeddable":true,"href":"https:\/\/radiofenix.com.ar\/2023\/wp-json\/wp\/v2\/comments?post=176109"}],"version-history":[{"count":0,"href":"https:\/\/radiofenix.com.ar\/2023\/wp-json\/wp\/v2\/posts\/176109\/revisions"}],"wp:featuredmedia":[{"embeddable":true,"href":"https:\/\/radiofenix.com.ar\/2023\/wp-json\/"}],"wp:attachment":[{"href":"https:\/\/radiofenix.com.ar\/2023\/wp-json\/wp\/v2\/media?parent=176109"}],"wp:term":[{"taxonomy":"category","embeddable":true,"href":"https:\/\/radiofenix.com.ar\/2023\/wp-json\/wp\/v2\/categories?post=176109"},{"taxonomy":"post_tag","embeddable":true,"href":"https:\/\/radiofenix.com.ar\/2023\/wp-json\/wp\/v2\/tags?post=176109"}],"curies":[{"name":"wp","href":"https:\/\/api.w.org\/{rel}","templated":true}]}}