{"id":176120,"date":"2023-06-14T14:34:00","date_gmt":"2023-06-14T14:34:00","guid":{"rendered":"http:\/\/radiofenix.com.ar\/martin-buscaglia-vuelve-al-pais-me-sigue-emocionando-cantar\/"},"modified":"2023-06-14T14:34:00","modified_gmt":"2023-06-14T14:34:00","slug":"martin-buscaglia-vuelve-al-pais-me-sigue-emocionando-cantar","status":"publish","type":"post","link":"https:\/\/radiofenix.com.ar\/2023\/martin-buscaglia-vuelve-al-pais-me-sigue-emocionando-cantar\/","title":{"rendered":"Martin Buscaglia vuelve al pa\u00eds: \u00abMe sigue emocionando cantar\u00bb"},"content":{"rendered":"<p>Se presentar\u00e1 este jueves a las 20.30 en Casa Brava de Rosario (Santa Fe) y el viernes 16 a las 20 en el porte\u00f1o Niceto Club. Interpretar\u00e1 canciones nuevas y cl\u00e1sicos de su carrera.\u00a0Se presentar\u00e1 este jueves a las 20.30 en Casa Brava de Rosario (Santa Fe) y el viernes 16 a las 20 en el porte\u00f1o Niceto Club. Interpretar\u00e1 canciones nuevas y cl\u00e1sicos de su carrera.\u00a0<\/p>\n","protected":false},"excerpt":{"rendered":"<p>Se presentar\u00e1 este jueves a las 20.30 en Casa Brava de Rosario (Santa Fe) y&#8230;<\/p>\n","protected":false},"author":2,"featured_media":176121,"comment_status":"open","ping_status":"open","sticky":false,"template":"","format":"standard","meta":{"footnotes":""},"categories":[4],"tags":[],"class_list":["post-176120","post","type-post","status-publish","format-standard","has-post-thumbnail","hentry","category-espectaculos"],"featured_image_urls":{"full":"","thumbnail":"","medium":"","medium_large":"","large":"","1536x1536":"","2048x2048":"","newsium-slider-full":"","newsium-featured":"","newsium-medium":""},"author_info":{"info":["c1500921"]},"category_info":"<a href=\"https:\/\/radiofenix.com.ar\/2023\/category\/espectaculos\/\" rel=\"category tag\">Espectaculos<\/a>","tag_info":"Espectaculos","comment_count":"0","_links":{"self":[{"href":"https:\/\/radiofenix.com.ar\/2023\/wp-json\/wp\/v2\/posts\/176120","targetHints":{"allow":["GET"]}}],"collection":[{"href":"https:\/\/radiofenix.com.ar\/2023\/wp-json\/wp\/v2\/posts"}],"about":[{"href":"https:\/\/radiofenix.com.ar\/2023\/wp-json\/wp\/v2\/types\/post"}],"author":[{"embeddable":true,"href":"https:\/\/radiofenix.com.ar\/2023\/wp-json\/wp\/v2\/users\/2"}],"replies":[{"embeddable":true,"href":"https:\/\/radiofenix.com.ar\/2023\/wp-json\/wp\/v2\/comments?post=176120"}],"version-history":[{"count":0,"href":"https:\/\/radiofenix.com.ar\/2023\/wp-json\/wp\/v2\/posts\/176120\/revisions"}],"wp:featuredmedia":[{"embeddable":true,"href":"https:\/\/radiofenix.com.ar\/2023\/wp-json\/"}],"wp:attachment":[{"href":"https:\/\/radiofenix.com.ar\/2023\/wp-json\/wp\/v2\/media?parent=176120"}],"wp:term":[{"taxonomy":"category","embeddable":true,"href":"https:\/\/radiofenix.com.ar\/2023\/wp-json\/wp\/v2\/categories?post=176120"},{"taxonomy":"post_tag","embeddable":true,"href":"https:\/\/radiofenix.com.ar\/2023\/wp-json\/wp\/v2\/tags?post=176120"}],"curies":[{"name":"wp","href":"https:\/\/api.w.org\/{rel}","templated":true}]}}