{"id":176558,"date":"2023-06-19T04:06:56","date_gmt":"2023-06-19T04:06:56","guid":{"rendered":"http:\/\/radiofenix.com.ar\/messi-y-su-reflexion-tras-ser-campeon-del-mundo-aprendi-que-no-solo-se-trata-de-ganar\/"},"modified":"2023-06-19T04:06:56","modified_gmt":"2023-06-19T04:06:56","slug":"messi-y-su-reflexion-tras-ser-campeon-del-mundo-aprendi-que-no-solo-se-trata-de-ganar","status":"publish","type":"post","link":"https:\/\/radiofenix.com.ar\/2023\/messi-y-su-reflexion-tras-ser-campeon-del-mundo-aprendi-que-no-solo-se-trata-de-ganar\/","title":{"rendered":"Messi y su reflexi\u00f3n tras ser campe\u00f3n del mundo: \u00abAprend\u00ed que no s\u00f3lo se trata de ganar\u00bb"},"content":{"rendered":"<p>\u00abEl camino recorrido tambi\u00e9n te deja muchas ense\u00f1anzas de vida\u00bb, expres\u00f3 el capit\u00e1n de la selecci\u00f3n de f\u00fatbol en un documental que este domingo, a seis meses de la \u00abtercera estrella\u00bb, public\u00f3 Adidas, empresa que viste al equipo argentino.<\/p>\n","protected":false},"excerpt":{"rendered":"<p>\u00abEl camino recorrido tambi\u00e9n te deja muchas ense\u00f1anzas de vida\u00bb, expres\u00f3 el capit\u00e1n de la&#8230;<\/p>\n","protected":false},"author":2,"featured_media":176559,"comment_status":"open","ping_status":"open","sticky":false,"template":"","format":"standard","meta":{"footnotes":""},"categories":[3],"tags":[],"class_list":["post-176558","post","type-post","status-publish","format-standard","has-post-thumbnail","hentry","category-deportes"],"featured_image_urls":{"full":"","thumbnail":"","medium":"","medium_large":"","large":"","1536x1536":"","2048x2048":"","newsium-slider-full":"","newsium-featured":"","newsium-medium":""},"author_info":{"info":["c1500921"]},"category_info":"<a href=\"https:\/\/radiofenix.com.ar\/2023\/category\/deportes\/\" rel=\"category tag\">Deportes<\/a>","tag_info":"Deportes","comment_count":"0","_links":{"self":[{"href":"https:\/\/radiofenix.com.ar\/2023\/wp-json\/wp\/v2\/posts\/176558","targetHints":{"allow":["GET"]}}],"collection":[{"href":"https:\/\/radiofenix.com.ar\/2023\/wp-json\/wp\/v2\/posts"}],"about":[{"href":"https:\/\/radiofenix.com.ar\/2023\/wp-json\/wp\/v2\/types\/post"}],"author":[{"embeddable":true,"href":"https:\/\/radiofenix.com.ar\/2023\/wp-json\/wp\/v2\/users\/2"}],"replies":[{"embeddable":true,"href":"https:\/\/radiofenix.com.ar\/2023\/wp-json\/wp\/v2\/comments?post=176558"}],"version-history":[{"count":0,"href":"https:\/\/radiofenix.com.ar\/2023\/wp-json\/wp\/v2\/posts\/176558\/revisions"}],"wp:featuredmedia":[{"embeddable":true,"href":"https:\/\/radiofenix.com.ar\/2023\/wp-json\/"}],"wp:attachment":[{"href":"https:\/\/radiofenix.com.ar\/2023\/wp-json\/wp\/v2\/media?parent=176558"}],"wp:term":[{"taxonomy":"category","embeddable":true,"href":"https:\/\/radiofenix.com.ar\/2023\/wp-json\/wp\/v2\/categories?post=176558"},{"taxonomy":"post_tag","embeddable":true,"href":"https:\/\/radiofenix.com.ar\/2023\/wp-json\/wp\/v2\/tags?post=176558"}],"curies":[{"name":"wp","href":"https:\/\/api.w.org\/{rel}","templated":true}]}}