{"id":176568,"date":"2023-06-19T10:54:00","date_gmt":"2023-06-19T10:54:00","guid":{"rendered":"http:\/\/radiofenix.com.ar\/homenaje-a-los-twist-la-dicha-es-mucha-y-aun-sigue-en-movimiento\/"},"modified":"2023-06-19T10:54:00","modified_gmt":"2023-06-19T10:54:00","slug":"homenaje-a-los-twist-la-dicha-es-mucha-y-aun-sigue-en-movimiento","status":"publish","type":"post","link":"https:\/\/radiofenix.com.ar\/2023\/homenaje-a-los-twist-la-dicha-es-mucha-y-aun-sigue-en-movimiento\/","title":{"rendered":"Homenaje a Los Twist: la dicha es mucha y a\u00fan sigue en movimiento"},"content":{"rendered":"<p>En el marco del ciclo \u00abDiscos esenciales\u00bb, la banda conformada por Pipo Cipolatti, Daniel Melingo, Fabiana Cantilo, Gonzo Palacios, Eduardo Cano, Polo Corbella en bater\u00eda y Andr\u00e9s Calamaro fue celebrada por varios m\u00fasicos bajo la direcci\u00f3n de Axel Krygier, entre los que estuvieron\u00a0Julieta Laso, Dani Umpi, Sof\u00eda Viola y Juli\u00e1n Kartun, entre otros.En el marco del ciclo \u00abDiscos esenciales\u00bb, la banda conformada por Pipo Cipolatti, Daniel Melingo, Fabiana Cantilo, Gonzo Palacios, Eduardo Cano, Polo Corbella en bater\u00eda y Andr\u00e9s Calamaro fue celebrada por varios m\u00fasicos bajo la direcci\u00f3n de Axel Krygier, entre los que estuvieron\u00a0Julieta Laso, Dani Umpi, Sof\u00eda Viola y Juli\u00e1n Kartun, entre otros.<\/p>\n","protected":false},"excerpt":{"rendered":"<p>En el marco del ciclo \u00abDiscos esenciales\u00bb, la banda conformada por Pipo Cipolatti, Daniel Melingo,&#8230;<\/p>\n","protected":false},"author":2,"featured_media":176569,"comment_status":"open","ping_status":"open","sticky":false,"template":"","format":"standard","meta":{"footnotes":""},"categories":[4],"tags":[],"class_list":["post-176568","post","type-post","status-publish","format-standard","has-post-thumbnail","hentry","category-espectaculos"],"featured_image_urls":{"full":"","thumbnail":"","medium":"","medium_large":"","large":"","1536x1536":"","2048x2048":"","newsium-slider-full":"","newsium-featured":"","newsium-medium":""},"author_info":{"info":["c1500921"]},"category_info":"<a href=\"https:\/\/radiofenix.com.ar\/2023\/category\/espectaculos\/\" rel=\"category tag\">Espectaculos<\/a>","tag_info":"Espectaculos","comment_count":"0","_links":{"self":[{"href":"https:\/\/radiofenix.com.ar\/2023\/wp-json\/wp\/v2\/posts\/176568","targetHints":{"allow":["GET"]}}],"collection":[{"href":"https:\/\/radiofenix.com.ar\/2023\/wp-json\/wp\/v2\/posts"}],"about":[{"href":"https:\/\/radiofenix.com.ar\/2023\/wp-json\/wp\/v2\/types\/post"}],"author":[{"embeddable":true,"href":"https:\/\/radiofenix.com.ar\/2023\/wp-json\/wp\/v2\/users\/2"}],"replies":[{"embeddable":true,"href":"https:\/\/radiofenix.com.ar\/2023\/wp-json\/wp\/v2\/comments?post=176568"}],"version-history":[{"count":0,"href":"https:\/\/radiofenix.com.ar\/2023\/wp-json\/wp\/v2\/posts\/176568\/revisions"}],"wp:featuredmedia":[{"embeddable":true,"href":"https:\/\/radiofenix.com.ar\/2023\/wp-json\/"}],"wp:attachment":[{"href":"https:\/\/radiofenix.com.ar\/2023\/wp-json\/wp\/v2\/media?parent=176568"}],"wp:term":[{"taxonomy":"category","embeddable":true,"href":"https:\/\/radiofenix.com.ar\/2023\/wp-json\/wp\/v2\/categories?post=176568"},{"taxonomy":"post_tag","embeddable":true,"href":"https:\/\/radiofenix.com.ar\/2023\/wp-json\/wp\/v2\/tags?post=176568"}],"curies":[{"name":"wp","href":"https:\/\/api.w.org\/{rel}","templated":true}]}}