{"id":176570,"date":"2023-06-19T00:39:00","date_gmt":"2023-06-19T00:39:00","guid":{"rendered":"http:\/\/radiofenix.com.ar\/cuarto-de-luna-menguante-reconocida-en-la-legislatura-portena\/"},"modified":"2023-06-19T00:39:00","modified_gmt":"2023-06-19T00:39:00","slug":"cuarto-de-luna-menguante-reconocida-en-la-legislatura-portena","status":"publish","type":"post","link":"https:\/\/radiofenix.com.ar\/2023\/cuarto-de-luna-menguante-reconocida-en-la-legislatura-portena\/","title":{"rendered":"\u00abCuarto de luna menguante\u00bb, reconocida en la Legislatura Porte\u00f1a"},"content":{"rendered":"<p>La obra, que en su propuesta aborda la tem\u00e1tica del autismo en el marco de una historia familiar, fue condecorada en el recinto y el pr\u00f3ximo fin de semana concluye la temporada en la sala del Teatro Beckett.La obra, que en su propuesta aborda la tem\u00e1tica del autismo en el marco de una historia familiar, fue condecorada en el recinto y el pr\u00f3ximo fin de semana concluye la temporada en la sala del Teatro Beckett.<\/p>\n","protected":false},"excerpt":{"rendered":"<p>La obra, que en su propuesta aborda la tem\u00e1tica del autismo en el marco de&#8230;<\/p>\n","protected":false},"author":2,"featured_media":176571,"comment_status":"open","ping_status":"open","sticky":false,"template":"","format":"standard","meta":{"footnotes":""},"categories":[4],"tags":[],"class_list":["post-176570","post","type-post","status-publish","format-standard","has-post-thumbnail","hentry","category-espectaculos"],"featured_image_urls":{"full":"","thumbnail":"","medium":"","medium_large":"","large":"","1536x1536":"","2048x2048":"","newsium-slider-full":"","newsium-featured":"","newsium-medium":""},"author_info":{"info":["c1500921"]},"category_info":"<a href=\"https:\/\/radiofenix.com.ar\/2023\/category\/espectaculos\/\" rel=\"category tag\">Espectaculos<\/a>","tag_info":"Espectaculos","comment_count":"0","_links":{"self":[{"href":"https:\/\/radiofenix.com.ar\/2023\/wp-json\/wp\/v2\/posts\/176570","targetHints":{"allow":["GET"]}}],"collection":[{"href":"https:\/\/radiofenix.com.ar\/2023\/wp-json\/wp\/v2\/posts"}],"about":[{"href":"https:\/\/radiofenix.com.ar\/2023\/wp-json\/wp\/v2\/types\/post"}],"author":[{"embeddable":true,"href":"https:\/\/radiofenix.com.ar\/2023\/wp-json\/wp\/v2\/users\/2"}],"replies":[{"embeddable":true,"href":"https:\/\/radiofenix.com.ar\/2023\/wp-json\/wp\/v2\/comments?post=176570"}],"version-history":[{"count":0,"href":"https:\/\/radiofenix.com.ar\/2023\/wp-json\/wp\/v2\/posts\/176570\/revisions"}],"wp:featuredmedia":[{"embeddable":true,"href":"https:\/\/radiofenix.com.ar\/2023\/wp-json\/"}],"wp:attachment":[{"href":"https:\/\/radiofenix.com.ar\/2023\/wp-json\/wp\/v2\/media?parent=176570"}],"wp:term":[{"taxonomy":"category","embeddable":true,"href":"https:\/\/radiofenix.com.ar\/2023\/wp-json\/wp\/v2\/categories?post=176570"},{"taxonomy":"post_tag","embeddable":true,"href":"https:\/\/radiofenix.com.ar\/2023\/wp-json\/wp\/v2\/tags?post=176570"}],"curies":[{"name":"wp","href":"https:\/\/api.w.org\/{rel}","templated":true}]}}