{"id":176574,"date":"2023-06-19T13:06:20","date_gmt":"2023-06-19T13:06:20","guid":{"rendered":"http:\/\/radiofenix.com.ar\/capitanich-fue-el-mas-votado-y-jxc-le-gano-al-frente-chaqueno\/"},"modified":"2023-06-19T13:06:20","modified_gmt":"2023-06-19T13:06:20","slug":"capitanich-fue-el-mas-votado-y-jxc-le-gano-al-frente-chaqueno","status":"publish","type":"post","link":"https:\/\/radiofenix.com.ar\/2023\/capitanich-fue-el-mas-votado-y-jxc-le-gano-al-frente-chaqueno\/","title":{"rendered":"Capitanich fue el m\u00e1s votado y JxC le gan\u00f3 al Frente Chaque\u00f1o"},"content":{"rendered":"<p>Juntos por el Cambio se ubic\u00f3 primero con el 42,66 por ciento de los votos reunidos con la sumatoria de sus dos precandidatos mientras que el oficialista Frente Chaque\u00f1o, liderado por el mandatario provincial, se posicion\u00f3 en segundo lugar con el 36,83.\u00a0Juntos por el Cambio se ubic\u00f3 primero con el 42,66 por ciento de los votos reunidos con la sumatoria de sus dos precandidatos mientras que el oficialista Frente Chaque\u00f1o, liderado por el mandatario provincial, se posicion\u00f3 en segundo lugar con el 36,83.\u00a0<\/p>\n","protected":false},"excerpt":{"rendered":"<p>Juntos por el Cambio se ubic\u00f3 primero con el 42,66 por ciento de los votos&#8230;<\/p>\n","protected":false},"author":2,"featured_media":176575,"comment_status":"open","ping_status":"open","sticky":false,"template":"","format":"standard","meta":{"footnotes":""},"categories":[2],"tags":[],"class_list":["post-176574","post","type-post","status-publish","format-standard","has-post-thumbnail","hentry","category-politica"],"featured_image_urls":{"full":"","thumbnail":"","medium":"","medium_large":"","large":"","1536x1536":"","2048x2048":"","newsium-slider-full":"","newsium-featured":"","newsium-medium":""},"author_info":{"info":["c1500921"]},"category_info":"<a href=\"https:\/\/radiofenix.com.ar\/2023\/category\/politica\/\" rel=\"category tag\">Pol\u00edtica<\/a>","tag_info":"Pol\u00edtica","comment_count":"0","_links":{"self":[{"href":"https:\/\/radiofenix.com.ar\/2023\/wp-json\/wp\/v2\/posts\/176574","targetHints":{"allow":["GET"]}}],"collection":[{"href":"https:\/\/radiofenix.com.ar\/2023\/wp-json\/wp\/v2\/posts"}],"about":[{"href":"https:\/\/radiofenix.com.ar\/2023\/wp-json\/wp\/v2\/types\/post"}],"author":[{"embeddable":true,"href":"https:\/\/radiofenix.com.ar\/2023\/wp-json\/wp\/v2\/users\/2"}],"replies":[{"embeddable":true,"href":"https:\/\/radiofenix.com.ar\/2023\/wp-json\/wp\/v2\/comments?post=176574"}],"version-history":[{"count":0,"href":"https:\/\/radiofenix.com.ar\/2023\/wp-json\/wp\/v2\/posts\/176574\/revisions"}],"wp:featuredmedia":[{"embeddable":true,"href":"https:\/\/radiofenix.com.ar\/2023\/wp-json\/"}],"wp:attachment":[{"href":"https:\/\/radiofenix.com.ar\/2023\/wp-json\/wp\/v2\/media?parent=176574"}],"wp:term":[{"taxonomy":"category","embeddable":true,"href":"https:\/\/radiofenix.com.ar\/2023\/wp-json\/wp\/v2\/categories?post=176574"},{"taxonomy":"post_tag","embeddable":true,"href":"https:\/\/radiofenix.com.ar\/2023\/wp-json\/wp\/v2\/tags?post=176574"}],"curies":[{"name":"wp","href":"https:\/\/api.w.org\/{rel}","templated":true}]}}