{"id":176576,"date":"2023-06-19T13:06:21","date_gmt":"2023-06-19T13:06:21","guid":{"rendered":"http:\/\/radiofenix.com.ar\/hay-siete-detenidos-en-la-causa-y-el-hecho-sera-castigado\/"},"modified":"2023-06-19T13:06:21","modified_gmt":"2023-06-19T13:06:21","slug":"hay-siete-detenidos-en-la-causa-y-el-hecho-sera-castigado","status":"publish","type":"post","link":"https:\/\/radiofenix.com.ar\/2023\/hay-siete-detenidos-en-la-causa-y-el-hecho-sera-castigado\/","title":{"rendered":"\u00abHay siete detenidos en la causa y el hecho ser\u00e1 castigado\u00bb"},"content":{"rendered":"<p>\u00abEste hecho policial deleznable y repudiable cuenta con un fiscal y debe ser esclarecido, y ser\u00e1 castigado con todo el peso de la ley; nadie puede dudar que estamos del lado de la v\u00edctima\u00bb, expres\u00f3 el gobernador chaque\u00f1o despu\u00e9s de emitir su voto.\u00bbEste hecho policial deleznable y repudiable cuenta con un fiscal y debe ser esclarecido, y ser\u00e1 castigado con todo el peso de la ley; nadie puede dudar que estamos del lado de la v\u00edctima\u00bb, expres\u00f3 el gobernador chaque\u00f1o despu\u00e9s de emitir su voto.<\/p>\n","protected":false},"excerpt":{"rendered":"<p>\u00abEste hecho policial deleznable y repudiable cuenta con un fiscal y debe ser esclarecido, y&#8230;<\/p>\n","protected":false},"author":2,"featured_media":176577,"comment_status":"open","ping_status":"open","sticky":false,"template":"","format":"standard","meta":{"footnotes":""},"categories":[2],"tags":[],"class_list":["post-176576","post","type-post","status-publish","format-standard","has-post-thumbnail","hentry","category-politica"],"featured_image_urls":{"full":"","thumbnail":"","medium":"","medium_large":"","large":"","1536x1536":"","2048x2048":"","newsium-slider-full":"","newsium-featured":"","newsium-medium":""},"author_info":{"info":["c1500921"]},"category_info":"<a href=\"https:\/\/radiofenix.com.ar\/2023\/category\/politica\/\" rel=\"category tag\">Pol\u00edtica<\/a>","tag_info":"Pol\u00edtica","comment_count":"0","_links":{"self":[{"href":"https:\/\/radiofenix.com.ar\/2023\/wp-json\/wp\/v2\/posts\/176576","targetHints":{"allow":["GET"]}}],"collection":[{"href":"https:\/\/radiofenix.com.ar\/2023\/wp-json\/wp\/v2\/posts"}],"about":[{"href":"https:\/\/radiofenix.com.ar\/2023\/wp-json\/wp\/v2\/types\/post"}],"author":[{"embeddable":true,"href":"https:\/\/radiofenix.com.ar\/2023\/wp-json\/wp\/v2\/users\/2"}],"replies":[{"embeddable":true,"href":"https:\/\/radiofenix.com.ar\/2023\/wp-json\/wp\/v2\/comments?post=176576"}],"version-history":[{"count":0,"href":"https:\/\/radiofenix.com.ar\/2023\/wp-json\/wp\/v2\/posts\/176576\/revisions"}],"wp:featuredmedia":[{"embeddable":true,"href":"https:\/\/radiofenix.com.ar\/2023\/wp-json\/"}],"wp:attachment":[{"href":"https:\/\/radiofenix.com.ar\/2023\/wp-json\/wp\/v2\/media?parent=176576"}],"wp:term":[{"taxonomy":"category","embeddable":true,"href":"https:\/\/radiofenix.com.ar\/2023\/wp-json\/wp\/v2\/categories?post=176576"},{"taxonomy":"post_tag","embeddable":true,"href":"https:\/\/radiofenix.com.ar\/2023\/wp-json\/wp\/v2\/tags?post=176576"}],"curies":[{"name":"wp","href":"https:\/\/api.w.org\/{rel}","templated":true}]}}