{"id":176578,"date":"2023-06-19T13:06:22","date_gmt":"2023-06-19T13:06:22","guid":{"rendered":"http:\/\/radiofenix.com.ar\/se-estan-recuperando-muy-bien-los-indices-en-materia-economica\/"},"modified":"2023-06-19T13:06:22","modified_gmt":"2023-06-19T13:06:22","slug":"se-estan-recuperando-muy-bien-los-indices-en-materia-economica","status":"publish","type":"post","link":"https:\/\/radiofenix.com.ar\/2023\/se-estan-recuperando-muy-bien-los-indices-en-materia-economica\/","title":{"rendered":"\u00abSe est\u00e1n recuperando muy bien los \u00edndices en materia econ\u00f3mica\u00bb"},"content":{"rendered":"<p>\u00abEl macrismo fundi\u00f3 el pa\u00eds\u00bb, consider\u00f3 el gobernador de Chaco, quien celebr\u00f3 la \u00abmuy buena reuni\u00f3n\u00bb encabezada por Alberto Fern\u00e1ndez en La Rioja y detall\u00f3 que se analizaron \u00abestrategias de descentralizaci\u00f3n de pol\u00edticas p\u00fablicas\u00bb.\u00a0\u00abEl macrismo fundi\u00f3 el pa\u00eds\u00bb, consider\u00f3 el gobernador de Chaco, quien celebr\u00f3 la \u00abmuy buena reuni\u00f3n\u00bb encabezada por Alberto Fern\u00e1ndez en La Rioja y detall\u00f3 que se analizaron \u00abestrategias de descentralizaci\u00f3n de pol\u00edticas p\u00fablicas\u00bb.\u00a0<\/p>\n","protected":false},"excerpt":{"rendered":"<p>\u00abEl macrismo fundi\u00f3 el pa\u00eds\u00bb, consider\u00f3 el gobernador de Chaco, quien celebr\u00f3 la \u00abmuy buena&#8230;<\/p>\n","protected":false},"author":2,"featured_media":176579,"comment_status":"open","ping_status":"open","sticky":false,"template":"","format":"standard","meta":{"footnotes":""},"categories":[2],"tags":[],"class_list":["post-176578","post","type-post","status-publish","format-standard","has-post-thumbnail","hentry","category-politica"],"featured_image_urls":{"full":"","thumbnail":"","medium":"","medium_large":"","large":"","1536x1536":"","2048x2048":"","newsium-slider-full":"","newsium-featured":"","newsium-medium":""},"author_info":{"info":["c1500921"]},"category_info":"<a href=\"https:\/\/radiofenix.com.ar\/2023\/category\/politica\/\" rel=\"category tag\">Pol\u00edtica<\/a>","tag_info":"Pol\u00edtica","comment_count":"0","_links":{"self":[{"href":"https:\/\/radiofenix.com.ar\/2023\/wp-json\/wp\/v2\/posts\/176578","targetHints":{"allow":["GET"]}}],"collection":[{"href":"https:\/\/radiofenix.com.ar\/2023\/wp-json\/wp\/v2\/posts"}],"about":[{"href":"https:\/\/radiofenix.com.ar\/2023\/wp-json\/wp\/v2\/types\/post"}],"author":[{"embeddable":true,"href":"https:\/\/radiofenix.com.ar\/2023\/wp-json\/wp\/v2\/users\/2"}],"replies":[{"embeddable":true,"href":"https:\/\/radiofenix.com.ar\/2023\/wp-json\/wp\/v2\/comments?post=176578"}],"version-history":[{"count":0,"href":"https:\/\/radiofenix.com.ar\/2023\/wp-json\/wp\/v2\/posts\/176578\/revisions"}],"wp:featuredmedia":[{"embeddable":true,"href":"https:\/\/radiofenix.com.ar\/2023\/wp-json\/"}],"wp:attachment":[{"href":"https:\/\/radiofenix.com.ar\/2023\/wp-json\/wp\/v2\/media?parent=176578"}],"wp:term":[{"taxonomy":"category","embeddable":true,"href":"https:\/\/radiofenix.com.ar\/2023\/wp-json\/wp\/v2\/categories?post=176578"},{"taxonomy":"post_tag","embeddable":true,"href":"https:\/\/radiofenix.com.ar\/2023\/wp-json\/wp\/v2\/tags?post=176578"}],"curies":[{"name":"wp","href":"https:\/\/api.w.org\/{rel}","templated":true}]}}