{"id":176584,"date":"2023-06-19T13:06:26","date_gmt":"2023-06-19T13:06:26","guid":{"rendered":"http:\/\/radiofenix.com.ar\/jujuy-siguen-detenidas-16-personas-y-crece-la-condena-social-a-la-brutal-represion\/"},"modified":"2023-06-19T13:06:26","modified_gmt":"2023-06-19T13:06:26","slug":"jujuy-siguen-detenidas-16-personas-y-crece-la-condena-social-a-la-brutal-represion","status":"publish","type":"post","link":"https:\/\/radiofenix.com.ar\/2023\/jujuy-siguen-detenidas-16-personas-y-crece-la-condena-social-a-la-brutal-represion\/","title":{"rendered":"Jujuy: siguen detenidas 16 personas y crece la condena social a la \u00abbrutal represi\u00f3n\u00bb"},"content":{"rendered":"<p>Seg\u00fan denunciaron, la represi\u00f3n de la polic\u00eda se llev\u00f3 detenida \u00abhasta personas que no participaban de la manifestaci\u00f3n\u00bb y mencion\u00f3 el caso de un turista que se hab\u00eda bajado de un auto y de una mujer que volv\u00eda a su casa.Seg\u00fan denunciaron, la represi\u00f3n de la polic\u00eda se llev\u00f3 detenida \u00abhasta personas que no participaban de la manifestaci\u00f3n\u00bb y mencion\u00f3 el caso de un turista que se hab\u00eda bajado de un auto y de una mujer que volv\u00eda a su casa.<\/p>\n","protected":false},"excerpt":{"rendered":"<p>Seg\u00fan denunciaron, la represi\u00f3n de la polic\u00eda se llev\u00f3 detenida \u00abhasta personas que no participaban&#8230;<\/p>\n","protected":false},"author":2,"featured_media":176585,"comment_status":"open","ping_status":"open","sticky":false,"template":"","format":"standard","meta":{"footnotes":""},"categories":[2],"tags":[],"class_list":["post-176584","post","type-post","status-publish","format-standard","has-post-thumbnail","hentry","category-politica"],"featured_image_urls":{"full":"","thumbnail":"","medium":"","medium_large":"","large":"","1536x1536":"","2048x2048":"","newsium-slider-full":"","newsium-featured":"","newsium-medium":""},"author_info":{"info":["c1500921"]},"category_info":"<a href=\"https:\/\/radiofenix.com.ar\/2023\/category\/politica\/\" rel=\"category tag\">Pol\u00edtica<\/a>","tag_info":"Pol\u00edtica","comment_count":"0","_links":{"self":[{"href":"https:\/\/radiofenix.com.ar\/2023\/wp-json\/wp\/v2\/posts\/176584","targetHints":{"allow":["GET"]}}],"collection":[{"href":"https:\/\/radiofenix.com.ar\/2023\/wp-json\/wp\/v2\/posts"}],"about":[{"href":"https:\/\/radiofenix.com.ar\/2023\/wp-json\/wp\/v2\/types\/post"}],"author":[{"embeddable":true,"href":"https:\/\/radiofenix.com.ar\/2023\/wp-json\/wp\/v2\/users\/2"}],"replies":[{"embeddable":true,"href":"https:\/\/radiofenix.com.ar\/2023\/wp-json\/wp\/v2\/comments?post=176584"}],"version-history":[{"count":0,"href":"https:\/\/radiofenix.com.ar\/2023\/wp-json\/wp\/v2\/posts\/176584\/revisions"}],"wp:featuredmedia":[{"embeddable":true,"href":"https:\/\/radiofenix.com.ar\/2023\/wp-json\/"}],"wp:attachment":[{"href":"https:\/\/radiofenix.com.ar\/2023\/wp-json\/wp\/v2\/media?parent=176584"}],"wp:term":[{"taxonomy":"category","embeddable":true,"href":"https:\/\/radiofenix.com.ar\/2023\/wp-json\/wp\/v2\/categories?post=176584"},{"taxonomy":"post_tag","embeddable":true,"href":"https:\/\/radiofenix.com.ar\/2023\/wp-json\/wp\/v2\/tags?post=176584"}],"curies":[{"name":"wp","href":"https:\/\/api.w.org\/{rel}","templated":true}]}}