{"id":176596,"date":"2023-06-19T23:51:00","date_gmt":"2023-06-19T23:51:00","guid":{"rendered":"http:\/\/radiofenix.com.ar\/cuatro-peliculas-argentinas-en-el-festival-internacional-de-cine-de-munich\/"},"modified":"2023-06-19T23:51:00","modified_gmt":"2023-06-19T23:51:00","slug":"cuatro-peliculas-argentinas-en-el-festival-internacional-de-cine-de-munich","status":"publish","type":"post","link":"https:\/\/radiofenix.com.ar\/2023\/cuatro-peliculas-argentinas-en-el-festival-internacional-de-cine-de-munich\/","title":{"rendered":"Cuatro pel\u00edculas argentinas en el Festival Internacional de Cine de Munich"},"content":{"rendered":"<p>&amp;ldquo;Eureka&amp;rdquo;, &amp;ldquo;Pornomelancol\u00eda&amp;rdquo;, &amp;ldquo;Los colonos&amp;rdquo; y &amp;ldquo;Blondi&amp;rdquo;, ser\u00e1n parte de la 40ma. edici\u00f3n del Festival Internacional de Cine de Munich, que se realizar\u00e1 en esa ciudad del sur de Alemania desde este viernes hasta el 1 de julio.&amp;ldquo;Eureka&amp;rdquo;, &amp;ldquo;Pornomelancol\u00eda&amp;rdquo;, &amp;ldquo;Los colonos&amp;rdquo; y &amp;ldquo;Blondi&amp;rdquo;, ser\u00e1n parte de la 40ma. edici\u00f3n del Festival Internacional de Cine de Munich, que se realizar\u00e1 en esa ciudad del sur de Alemania desde este viernes hasta el 1 de julio.<\/p>\n","protected":false},"excerpt":{"rendered":"<p>&amp;ldquo;Eureka&amp;rdquo;, &amp;ldquo;Pornomelancol\u00eda&amp;rdquo;, &amp;ldquo;Los colonos&amp;rdquo; y &amp;ldquo;Blondi&amp;rdquo;, ser\u00e1n parte de la 40ma. edici\u00f3n del Festival Internacional&#8230;<\/p>\n","protected":false},"author":2,"featured_media":176597,"comment_status":"open","ping_status":"open","sticky":false,"template":"","format":"standard","meta":{"footnotes":""},"categories":[4],"tags":[],"class_list":["post-176596","post","type-post","status-publish","format-standard","has-post-thumbnail","hentry","category-espectaculos"],"featured_image_urls":{"full":"","thumbnail":"","medium":"","medium_large":"","large":"","1536x1536":"","2048x2048":"","newsium-slider-full":"","newsium-featured":"","newsium-medium":""},"author_info":{"info":["c1500921"]},"category_info":"<a href=\"https:\/\/radiofenix.com.ar\/2023\/category\/espectaculos\/\" rel=\"category tag\">Espectaculos<\/a>","tag_info":"Espectaculos","comment_count":"0","_links":{"self":[{"href":"https:\/\/radiofenix.com.ar\/2023\/wp-json\/wp\/v2\/posts\/176596","targetHints":{"allow":["GET"]}}],"collection":[{"href":"https:\/\/radiofenix.com.ar\/2023\/wp-json\/wp\/v2\/posts"}],"about":[{"href":"https:\/\/radiofenix.com.ar\/2023\/wp-json\/wp\/v2\/types\/post"}],"author":[{"embeddable":true,"href":"https:\/\/radiofenix.com.ar\/2023\/wp-json\/wp\/v2\/users\/2"}],"replies":[{"embeddable":true,"href":"https:\/\/radiofenix.com.ar\/2023\/wp-json\/wp\/v2\/comments?post=176596"}],"version-history":[{"count":0,"href":"https:\/\/radiofenix.com.ar\/2023\/wp-json\/wp\/v2\/posts\/176596\/revisions"}],"wp:featuredmedia":[{"embeddable":true,"href":"https:\/\/radiofenix.com.ar\/2023\/wp-json\/"}],"wp:attachment":[{"href":"https:\/\/radiofenix.com.ar\/2023\/wp-json\/wp\/v2\/media?parent=176596"}],"wp:term":[{"taxonomy":"category","embeddable":true,"href":"https:\/\/radiofenix.com.ar\/2023\/wp-json\/wp\/v2\/categories?post=176596"},{"taxonomy":"post_tag","embeddable":true,"href":"https:\/\/radiofenix.com.ar\/2023\/wp-json\/wp\/v2\/tags?post=176596"}],"curies":[{"name":"wp","href":"https:\/\/api.w.org\/{rel}","templated":true}]}}