{"id":176598,"date":"2023-06-19T22:07:00","date_gmt":"2023-06-19T22:07:00","guid":{"rendered":"http:\/\/radiofenix.com.ar\/el-grupo-boliviano-kala-marka-recibe-el-ano-nuevo-andino-amazonico-en-el-luna-park\/"},"modified":"2023-06-19T22:07:00","modified_gmt":"2023-06-19T22:07:00","slug":"el-grupo-boliviano-kala-marka-recibe-el-ano-nuevo-andino-amazonico-en-el-luna-park","status":"publish","type":"post","link":"https:\/\/radiofenix.com.ar\/2023\/el-grupo-boliviano-kala-marka-recibe-el-ano-nuevo-andino-amazonico-en-el-luna-park\/","title":{"rendered":"El grupo boliviano Kala Marka recibe el a\u00f1o nuevo andino amaz\u00f3nico en el Luna Park"},"content":{"rendered":"<p>El d\u00fao boliviano desplegar\u00e1 este martes en el estadio porte\u00f1o la ceremonia ancestral Willka Kuti con un espect\u00e1culo de m\u00fasica y danza que celebra el comienzo del a\u00f1o nuevo aymar\u00e1, el 5531 de su calendario.El d\u00fao boliviano desplegar\u00e1 este martes en el estadio porte\u00f1o la ceremonia ancestral Willka Kuti con un espect\u00e1culo de m\u00fasica y danza que celebra el comienzo del a\u00f1o nuevo aymar\u00e1, el 5531 de su calendario.<\/p>\n","protected":false},"excerpt":{"rendered":"<p>El d\u00fao boliviano desplegar\u00e1 este martes en el estadio porte\u00f1o la ceremonia ancestral Willka Kuti&#8230;<\/p>\n","protected":false},"author":2,"featured_media":176599,"comment_status":"open","ping_status":"open","sticky":false,"template":"","format":"standard","meta":{"footnotes":""},"categories":[4],"tags":[],"class_list":["post-176598","post","type-post","status-publish","format-standard","has-post-thumbnail","hentry","category-espectaculos"],"featured_image_urls":{"full":"","thumbnail":"","medium":"","medium_large":"","large":"","1536x1536":"","2048x2048":"","newsium-slider-full":"","newsium-featured":"","newsium-medium":""},"author_info":{"info":["c1500921"]},"category_info":"<a href=\"https:\/\/radiofenix.com.ar\/2023\/category\/espectaculos\/\" rel=\"category tag\">Espectaculos<\/a>","tag_info":"Espectaculos","comment_count":"0","_links":{"self":[{"href":"https:\/\/radiofenix.com.ar\/2023\/wp-json\/wp\/v2\/posts\/176598","targetHints":{"allow":["GET"]}}],"collection":[{"href":"https:\/\/radiofenix.com.ar\/2023\/wp-json\/wp\/v2\/posts"}],"about":[{"href":"https:\/\/radiofenix.com.ar\/2023\/wp-json\/wp\/v2\/types\/post"}],"author":[{"embeddable":true,"href":"https:\/\/radiofenix.com.ar\/2023\/wp-json\/wp\/v2\/users\/2"}],"replies":[{"embeddable":true,"href":"https:\/\/radiofenix.com.ar\/2023\/wp-json\/wp\/v2\/comments?post=176598"}],"version-history":[{"count":0,"href":"https:\/\/radiofenix.com.ar\/2023\/wp-json\/wp\/v2\/posts\/176598\/revisions"}],"wp:featuredmedia":[{"embeddable":true,"href":"https:\/\/radiofenix.com.ar\/2023\/wp-json\/"}],"wp:attachment":[{"href":"https:\/\/radiofenix.com.ar\/2023\/wp-json\/wp\/v2\/media?parent=176598"}],"wp:term":[{"taxonomy":"category","embeddable":true,"href":"https:\/\/radiofenix.com.ar\/2023\/wp-json\/wp\/v2\/categories?post=176598"},{"taxonomy":"post_tag","embeddable":true,"href":"https:\/\/radiofenix.com.ar\/2023\/wp-json\/wp\/v2\/tags?post=176598"}],"curies":[{"name":"wp","href":"https:\/\/api.w.org\/{rel}","templated":true}]}}