{"id":176610,"date":"2023-06-20T02:05:56","date_gmt":"2023-06-20T02:05:56","guid":{"rendered":"http:\/\/radiofenix.com.ar\/el-presidente-toma-la-promesa-de-lealtad-a-la-bandera-a-alumnos-de-escuelas-publicas\/"},"modified":"2023-06-20T02:05:56","modified_gmt":"2023-06-20T02:05:56","slug":"el-presidente-toma-la-promesa-de-lealtad-a-la-bandera-a-alumnos-de-escuelas-publicas","status":"publish","type":"post","link":"https:\/\/radiofenix.com.ar\/2023\/el-presidente-toma-la-promesa-de-lealtad-a-la-bandera-a-alumnos-de-escuelas-publicas\/","title":{"rendered":"El Presidente toma la promesa de lealtad a la bandera a alumnos de escuelas p\u00fablicas"},"content":{"rendered":"<p>El acto se realizar\u00e1 en la Quinta Presidencial de Olivos y Alberto Fern\u00e1ndez estar\u00e1 acompa\u00f1ado por ministros del gabinete nacional.El acto se realizar\u00e1 en la Quinta Presidencial de Olivos y Alberto Fern\u00e1ndez estar\u00e1 acompa\u00f1ado por ministros del gabinete nacional.<\/p>\n","protected":false},"excerpt":{"rendered":"<p>El acto se realizar\u00e1 en la Quinta Presidencial de Olivos y Alberto Fern\u00e1ndez estar\u00e1 acompa\u00f1ado&#8230;<\/p>\n","protected":false},"author":2,"featured_media":176611,"comment_status":"open","ping_status":"open","sticky":false,"template":"","format":"standard","meta":{"footnotes":""},"categories":[2],"tags":[],"class_list":["post-176610","post","type-post","status-publish","format-standard","has-post-thumbnail","hentry","category-politica"],"featured_image_urls":{"full":"","thumbnail":"","medium":"","medium_large":"","large":"","1536x1536":"","2048x2048":"","newsium-slider-full":"","newsium-featured":"","newsium-medium":""},"author_info":{"info":["c1500921"]},"category_info":"<a href=\"https:\/\/radiofenix.com.ar\/2023\/category\/politica\/\" rel=\"category tag\">Pol\u00edtica<\/a>","tag_info":"Pol\u00edtica","comment_count":"0","_links":{"self":[{"href":"https:\/\/radiofenix.com.ar\/2023\/wp-json\/wp\/v2\/posts\/176610","targetHints":{"allow":["GET"]}}],"collection":[{"href":"https:\/\/radiofenix.com.ar\/2023\/wp-json\/wp\/v2\/posts"}],"about":[{"href":"https:\/\/radiofenix.com.ar\/2023\/wp-json\/wp\/v2\/types\/post"}],"author":[{"embeddable":true,"href":"https:\/\/radiofenix.com.ar\/2023\/wp-json\/wp\/v2\/users\/2"}],"replies":[{"embeddable":true,"href":"https:\/\/radiofenix.com.ar\/2023\/wp-json\/wp\/v2\/comments?post=176610"}],"version-history":[{"count":0,"href":"https:\/\/radiofenix.com.ar\/2023\/wp-json\/wp\/v2\/posts\/176610\/revisions"}],"wp:featuredmedia":[{"embeddable":true,"href":"https:\/\/radiofenix.com.ar\/2023\/wp-json\/"}],"wp:attachment":[{"href":"https:\/\/radiofenix.com.ar\/2023\/wp-json\/wp\/v2\/media?parent=176610"}],"wp:term":[{"taxonomy":"category","embeddable":true,"href":"https:\/\/radiofenix.com.ar\/2023\/wp-json\/wp\/v2\/categories?post=176610"},{"taxonomy":"post_tag","embeddable":true,"href":"https:\/\/radiofenix.com.ar\/2023\/wp-json\/wp\/v2\/tags?post=176610"}],"curies":[{"name":"wp","href":"https:\/\/api.w.org\/{rel}","templated":true}]}}