{"id":176618,"date":"2023-06-20T02:06:00","date_gmt":"2023-06-20T02:06:00","guid":{"rendered":"http:\/\/radiofenix.com.ar\/hacer-campana-electoral-con-represion-y-violencia-es-repudiable-y-peligroso\/"},"modified":"2023-06-20T02:06:00","modified_gmt":"2023-06-20T02:06:00","slug":"hacer-campana-electoral-con-represion-y-violencia-es-repudiable-y-peligroso","status":"publish","type":"post","link":"https:\/\/radiofenix.com.ar\/2023\/hacer-campana-electoral-con-represion-y-violencia-es-repudiable-y-peligroso\/","title":{"rendered":"\u00abHacer campa\u00f1a electoral con represi\u00f3n y violencia es repudiable y peligroso\u00bb"},"content":{"rendered":"<p>El diputado nacional rechaz\u00f3 el uso pol\u00edtico que los dirigentes de Juntos por el Cambio hacen de la violenta represi\u00f3n desatada contra manifestantes en la provincia de Jujuy.\u00a0El diputado nacional rechaz\u00f3 el uso pol\u00edtico que los dirigentes de Juntos por el Cambio hacen de la violenta represi\u00f3n desatada contra manifestantes en la provincia de Jujuy.\u00a0<\/p>\n","protected":false},"excerpt":{"rendered":"<p>El diputado nacional rechaz\u00f3 el uso pol\u00edtico que los dirigentes de Juntos por el Cambio&#8230;<\/p>\n","protected":false},"author":2,"featured_media":176619,"comment_status":"open","ping_status":"open","sticky":false,"template":"","format":"standard","meta":{"footnotes":""},"categories":[2],"tags":[],"class_list":["post-176618","post","type-post","status-publish","format-standard","has-post-thumbnail","hentry","category-politica"],"featured_image_urls":{"full":"","thumbnail":"","medium":"","medium_large":"","large":"","1536x1536":"","2048x2048":"","newsium-slider-full":"","newsium-featured":"","newsium-medium":""},"author_info":{"info":["c1500921"]},"category_info":"<a href=\"https:\/\/radiofenix.com.ar\/2023\/category\/politica\/\" rel=\"category tag\">Pol\u00edtica<\/a>","tag_info":"Pol\u00edtica","comment_count":"0","_links":{"self":[{"href":"https:\/\/radiofenix.com.ar\/2023\/wp-json\/wp\/v2\/posts\/176618","targetHints":{"allow":["GET"]}}],"collection":[{"href":"https:\/\/radiofenix.com.ar\/2023\/wp-json\/wp\/v2\/posts"}],"about":[{"href":"https:\/\/radiofenix.com.ar\/2023\/wp-json\/wp\/v2\/types\/post"}],"author":[{"embeddable":true,"href":"https:\/\/radiofenix.com.ar\/2023\/wp-json\/wp\/v2\/users\/2"}],"replies":[{"embeddable":true,"href":"https:\/\/radiofenix.com.ar\/2023\/wp-json\/wp\/v2\/comments?post=176618"}],"version-history":[{"count":0,"href":"https:\/\/radiofenix.com.ar\/2023\/wp-json\/wp\/v2\/posts\/176618\/revisions"}],"wp:featuredmedia":[{"embeddable":true,"href":"https:\/\/radiofenix.com.ar\/2023\/wp-json\/"}],"wp:attachment":[{"href":"https:\/\/radiofenix.com.ar\/2023\/wp-json\/wp\/v2\/media?parent=176618"}],"wp:term":[{"taxonomy":"category","embeddable":true,"href":"https:\/\/radiofenix.com.ar\/2023\/wp-json\/wp\/v2\/categories?post=176618"},{"taxonomy":"post_tag","embeddable":true,"href":"https:\/\/radiofenix.com.ar\/2023\/wp-json\/wp\/v2\/tags?post=176618"}],"curies":[{"name":"wp","href":"https:\/\/api.w.org\/{rel}","templated":true}]}}