{"id":176620,"date":"2023-06-20T02:06:01","date_gmt":"2023-06-20T02:06:01","guid":{"rendered":"http:\/\/radiofenix.com.ar\/el-dia-que-madryn-se-quedo-sin-pan\/"},"modified":"2023-06-20T02:06:01","modified_gmt":"2023-06-20T02:06:01","slug":"el-dia-que-madryn-se-quedo-sin-pan","status":"publish","type":"post","link":"https:\/\/radiofenix.com.ar\/2023\/el-dia-que-madryn-se-quedo-sin-pan\/","title":{"rendered":"El d\u00eda que Madryn se qued\u00f3 sin pan"},"content":{"rendered":"<p>Se record\u00f3 en Puerto Madryn el d\u00eda en el que m\u00e1s de 4.000 soldados desembarcaron en la ciudad, en su regreso de la Guerra de Malvinas. \u00abMalvinas no es una causa m\u00e1s, es un sentimiento marcado a fuego \u00ab, afirm\u00f3 el intendente Gustavo Sastre.Se record\u00f3 en Puerto Madryn el d\u00eda en el que m\u00e1s de 4.000 soldados desembarcaron en la ciudad, en su regreso de la Guerra de Malvinas. \u00abMalvinas no es una causa m\u00e1s, es un sentimiento marcado a fuego \u00ab, afirm\u00f3 el intendente Gustavo Sastre.<\/p>\n","protected":false},"excerpt":{"rendered":"<p>Se record\u00f3 en Puerto Madryn el d\u00eda en el que m\u00e1s de 4.000 soldados desembarcaron&#8230;<\/p>\n","protected":false},"author":2,"featured_media":176621,"comment_status":"open","ping_status":"open","sticky":false,"template":"","format":"standard","meta":{"footnotes":""},"categories":[2],"tags":[],"class_list":["post-176620","post","type-post","status-publish","format-standard","has-post-thumbnail","hentry","category-politica"],"featured_image_urls":{"full":"","thumbnail":"","medium":"","medium_large":"","large":"","1536x1536":"","2048x2048":"","newsium-slider-full":"","newsium-featured":"","newsium-medium":""},"author_info":{"info":["c1500921"]},"category_info":"<a href=\"https:\/\/radiofenix.com.ar\/2023\/category\/politica\/\" rel=\"category tag\">Pol\u00edtica<\/a>","tag_info":"Pol\u00edtica","comment_count":"0","_links":{"self":[{"href":"https:\/\/radiofenix.com.ar\/2023\/wp-json\/wp\/v2\/posts\/176620","targetHints":{"allow":["GET"]}}],"collection":[{"href":"https:\/\/radiofenix.com.ar\/2023\/wp-json\/wp\/v2\/posts"}],"about":[{"href":"https:\/\/radiofenix.com.ar\/2023\/wp-json\/wp\/v2\/types\/post"}],"author":[{"embeddable":true,"href":"https:\/\/radiofenix.com.ar\/2023\/wp-json\/wp\/v2\/users\/2"}],"replies":[{"embeddable":true,"href":"https:\/\/radiofenix.com.ar\/2023\/wp-json\/wp\/v2\/comments?post=176620"}],"version-history":[{"count":0,"href":"https:\/\/radiofenix.com.ar\/2023\/wp-json\/wp\/v2\/posts\/176620\/revisions"}],"wp:featuredmedia":[{"embeddable":true,"href":"https:\/\/radiofenix.com.ar\/2023\/wp-json\/"}],"wp:attachment":[{"href":"https:\/\/radiofenix.com.ar\/2023\/wp-json\/wp\/v2\/media?parent=176620"}],"wp:term":[{"taxonomy":"category","embeddable":true,"href":"https:\/\/radiofenix.com.ar\/2023\/wp-json\/wp\/v2\/categories?post=176620"},{"taxonomy":"post_tag","embeddable":true,"href":"https:\/\/radiofenix.com.ar\/2023\/wp-json\/wp\/v2\/tags?post=176620"}],"curies":[{"name":"wp","href":"https:\/\/api.w.org\/{rel}","templated":true}]}}