{"id":176622,"date":"2023-06-20T02:06:02","date_gmt":"2023-06-20T02:06:02","guid":{"rendered":"http:\/\/radiofenix.com.ar\/cafiero-reiterara-ante-la-onu-el-reclamo-argentino-por-las-islas-malvinas\/"},"modified":"2023-06-20T02:06:02","modified_gmt":"2023-06-20T02:06:02","slug":"cafiero-reiterara-ante-la-onu-el-reclamo-argentino-por-las-islas-malvinas","status":"publish","type":"post","link":"https:\/\/radiofenix.com.ar\/2023\/cafiero-reiterara-ante-la-onu-el-reclamo-argentino-por-las-islas-malvinas\/","title":{"rendered":"Cafiero reiterar\u00e1 ante la ONU el reclamo argentino por las Islas Malvinas"},"content":{"rendered":"<p>Ser\u00e1 en Nueva York, en una reuni\u00f3n del Comit\u00e9 Especial de Descolonizaci\u00f3n que tratar\u00e1 un proyecto para convocar a la Argentina y al Reino Unido a retomar las negociaciones por el archipi\u00e9lago.\u00a0Ser\u00e1 en Nueva York, en una reuni\u00f3n del Comit\u00e9 Especial de Descolonizaci\u00f3n que tratar\u00e1 un proyecto para convocar a la Argentina y al Reino Unido a retomar las negociaciones por el archipi\u00e9lago.\u00a0<\/p>\n","protected":false},"excerpt":{"rendered":"<p>Ser\u00e1 en Nueva York, en una reuni\u00f3n del Comit\u00e9 Especial de Descolonizaci\u00f3n que tratar\u00e1 un&#8230;<\/p>\n","protected":false},"author":2,"featured_media":176623,"comment_status":"open","ping_status":"open","sticky":false,"template":"","format":"standard","meta":{"footnotes":""},"categories":[2],"tags":[],"class_list":["post-176622","post","type-post","status-publish","format-standard","has-post-thumbnail","hentry","category-politica"],"featured_image_urls":{"full":"","thumbnail":"","medium":"","medium_large":"","large":"","1536x1536":"","2048x2048":"","newsium-slider-full":"","newsium-featured":"","newsium-medium":""},"author_info":{"info":["c1500921"]},"category_info":"<a href=\"https:\/\/radiofenix.com.ar\/2023\/category\/politica\/\" rel=\"category tag\">Pol\u00edtica<\/a>","tag_info":"Pol\u00edtica","comment_count":"0","_links":{"self":[{"href":"https:\/\/radiofenix.com.ar\/2023\/wp-json\/wp\/v2\/posts\/176622","targetHints":{"allow":["GET"]}}],"collection":[{"href":"https:\/\/radiofenix.com.ar\/2023\/wp-json\/wp\/v2\/posts"}],"about":[{"href":"https:\/\/radiofenix.com.ar\/2023\/wp-json\/wp\/v2\/types\/post"}],"author":[{"embeddable":true,"href":"https:\/\/radiofenix.com.ar\/2023\/wp-json\/wp\/v2\/users\/2"}],"replies":[{"embeddable":true,"href":"https:\/\/radiofenix.com.ar\/2023\/wp-json\/wp\/v2\/comments?post=176622"}],"version-history":[{"count":0,"href":"https:\/\/radiofenix.com.ar\/2023\/wp-json\/wp\/v2\/posts\/176622\/revisions"}],"wp:featuredmedia":[{"embeddable":true,"href":"https:\/\/radiofenix.com.ar\/2023\/wp-json\/"}],"wp:attachment":[{"href":"https:\/\/radiofenix.com.ar\/2023\/wp-json\/wp\/v2\/media?parent=176622"}],"wp:term":[{"taxonomy":"category","embeddable":true,"href":"https:\/\/radiofenix.com.ar\/2023\/wp-json\/wp\/v2\/categories?post=176622"},{"taxonomy":"post_tag","embeddable":true,"href":"https:\/\/radiofenix.com.ar\/2023\/wp-json\/wp\/v2\/tags?post=176622"}],"curies":[{"name":"wp","href":"https:\/\/api.w.org\/{rel}","templated":true}]}}