{"id":176626,"date":"2023-06-20T02:06:03","date_gmt":"2023-06-20T02:06:03","guid":{"rendered":"http:\/\/radiofenix.com.ar\/un-menor-perdio-un-ojo-por-una-bala-de-goma-que-recibio-durante-la-represion-policial\/"},"modified":"2023-06-20T02:06:03","modified_gmt":"2023-06-20T02:06:03","slug":"un-menor-perdio-un-ojo-por-una-bala-de-goma-que-recibio-durante-la-represion-policial","status":"publish","type":"post","link":"https:\/\/radiofenix.com.ar\/2023\/un-menor-perdio-un-ojo-por-una-bala-de-goma-que-recibio-durante-la-represion-policial\/","title":{"rendered":"Un menor perdi\u00f3 un ojo por una bala de goma que recibi\u00f3 durante la represi\u00f3n policial"},"content":{"rendered":"<p>Tiene 17 a\u00f1os y debieron someterlo a una delicada intervenci\u00f3n quir\u00fargica en el Hospital Pablo Soria, de la provincia. Recibi\u00f3 la visita del secretario de Derechos Humanos de la Naci\u00f3n, Horacio Pietragalla Corti.\u00a0Tiene 17 a\u00f1os y debieron someterlo a una delicada intervenci\u00f3n quir\u00fargica en el Hospital Pablo Soria, de la provincia. Recibi\u00f3 la visita del secretario de Derechos Humanos de la Naci\u00f3n, Horacio Pietragalla Corti.\u00a0<\/p>\n","protected":false},"excerpt":{"rendered":"<p>Tiene 17 a\u00f1os y debieron someterlo a una delicada intervenci\u00f3n quir\u00fargica en el Hospital Pablo&#8230;<\/p>\n","protected":false},"author":2,"featured_media":176627,"comment_status":"open","ping_status":"open","sticky":false,"template":"","format":"standard","meta":{"footnotes":""},"categories":[2],"tags":[],"class_list":["post-176626","post","type-post","status-publish","format-standard","has-post-thumbnail","hentry","category-politica"],"featured_image_urls":{"full":"","thumbnail":"","medium":"","medium_large":"","large":"","1536x1536":"","2048x2048":"","newsium-slider-full":"","newsium-featured":"","newsium-medium":""},"author_info":{"info":["c1500921"]},"category_info":"<a href=\"https:\/\/radiofenix.com.ar\/2023\/category\/politica\/\" rel=\"category tag\">Pol\u00edtica<\/a>","tag_info":"Pol\u00edtica","comment_count":"0","_links":{"self":[{"href":"https:\/\/radiofenix.com.ar\/2023\/wp-json\/wp\/v2\/posts\/176626","targetHints":{"allow":["GET"]}}],"collection":[{"href":"https:\/\/radiofenix.com.ar\/2023\/wp-json\/wp\/v2\/posts"}],"about":[{"href":"https:\/\/radiofenix.com.ar\/2023\/wp-json\/wp\/v2\/types\/post"}],"author":[{"embeddable":true,"href":"https:\/\/radiofenix.com.ar\/2023\/wp-json\/wp\/v2\/users\/2"}],"replies":[{"embeddable":true,"href":"https:\/\/radiofenix.com.ar\/2023\/wp-json\/wp\/v2\/comments?post=176626"}],"version-history":[{"count":0,"href":"https:\/\/radiofenix.com.ar\/2023\/wp-json\/wp\/v2\/posts\/176626\/revisions"}],"wp:featuredmedia":[{"embeddable":true,"href":"https:\/\/radiofenix.com.ar\/2023\/wp-json\/"}],"wp:attachment":[{"href":"https:\/\/radiofenix.com.ar\/2023\/wp-json\/wp\/v2\/media?parent=176626"}],"wp:term":[{"taxonomy":"category","embeddable":true,"href":"https:\/\/radiofenix.com.ar\/2023\/wp-json\/wp\/v2\/categories?post=176626"},{"taxonomy":"post_tag","embeddable":true,"href":"https:\/\/radiofenix.com.ar\/2023\/wp-json\/wp\/v2\/tags?post=176626"}],"curies":[{"name":"wp","href":"https:\/\/api.w.org\/{rel}","templated":true}]}}