{"id":176628,"date":"2023-06-20T02:06:04","date_gmt":"2023-06-20T02:06:04","guid":{"rendered":"http:\/\/radiofenix.com.ar\/el-jueves-proximo-se-debate-en-camara-federal-el-reclamo-para-secuestrar-celular-de-milman\/"},"modified":"2023-06-20T02:06:04","modified_gmt":"2023-06-20T02:06:04","slug":"el-jueves-proximo-se-debate-en-camara-federal-el-reclamo-para-secuestrar-celular-de-milman","status":"publish","type":"post","link":"https:\/\/radiofenix.com.ar\/2023\/el-jueves-proximo-se-debate-en-camara-federal-el-reclamo-para-secuestrar-celular-de-milman\/","title":{"rendered":"El jueves pr\u00f3ximo se debate en C\u00e1mara Federal el reclamo para secuestrar celular de Milman"},"content":{"rendered":"<p>Milman est\u00e1 denunciado en la causa en la que se investiga el intento de asesinato a la Vicepresidenta y la querella reiterar\u00e1 el reclamo para que se analice el tel\u00e9fono del diputado de Juntos para el Cambio, denunciado en la causa.Milman est\u00e1 denunciado en la causa en la que se investiga el intento de asesinato a la Vicepresidenta y la querella reiterar\u00e1 el reclamo para que se analice el tel\u00e9fono del diputado de Juntos para el Cambio, denunciado en la causa.<\/p>\n","protected":false},"excerpt":{"rendered":"<p>Milman est\u00e1 denunciado en la causa en la que se investiga el intento de asesinato&#8230;<\/p>\n","protected":false},"author":2,"featured_media":176629,"comment_status":"open","ping_status":"open","sticky":false,"template":"","format":"standard","meta":{"footnotes":""},"categories":[2],"tags":[],"class_list":["post-176628","post","type-post","status-publish","format-standard","has-post-thumbnail","hentry","category-politica"],"featured_image_urls":{"full":"","thumbnail":"","medium":"","medium_large":"","large":"","1536x1536":"","2048x2048":"","newsium-slider-full":"","newsium-featured":"","newsium-medium":""},"author_info":{"info":["c1500921"]},"category_info":"<a href=\"https:\/\/radiofenix.com.ar\/2023\/category\/politica\/\" rel=\"category tag\">Pol\u00edtica<\/a>","tag_info":"Pol\u00edtica","comment_count":"0","_links":{"self":[{"href":"https:\/\/radiofenix.com.ar\/2023\/wp-json\/wp\/v2\/posts\/176628","targetHints":{"allow":["GET"]}}],"collection":[{"href":"https:\/\/radiofenix.com.ar\/2023\/wp-json\/wp\/v2\/posts"}],"about":[{"href":"https:\/\/radiofenix.com.ar\/2023\/wp-json\/wp\/v2\/types\/post"}],"author":[{"embeddable":true,"href":"https:\/\/radiofenix.com.ar\/2023\/wp-json\/wp\/v2\/users\/2"}],"replies":[{"embeddable":true,"href":"https:\/\/radiofenix.com.ar\/2023\/wp-json\/wp\/v2\/comments?post=176628"}],"version-history":[{"count":0,"href":"https:\/\/radiofenix.com.ar\/2023\/wp-json\/wp\/v2\/posts\/176628\/revisions"}],"wp:featuredmedia":[{"embeddable":true,"href":"https:\/\/radiofenix.com.ar\/2023\/wp-json\/"}],"wp:attachment":[{"href":"https:\/\/radiofenix.com.ar\/2023\/wp-json\/wp\/v2\/media?parent=176628"}],"wp:term":[{"taxonomy":"category","embeddable":true,"href":"https:\/\/radiofenix.com.ar\/2023\/wp-json\/wp\/v2\/categories?post=176628"},{"taxonomy":"post_tag","embeddable":true,"href":"https:\/\/radiofenix.com.ar\/2023\/wp-json\/wp\/v2\/tags?post=176628"}],"curies":[{"name":"wp","href":"https:\/\/api.w.org\/{rel}","templated":true}]}}