{"id":176630,"date":"2023-06-19T21:32:00","date_gmt":"2023-06-19T21:32:00","guid":{"rendered":"http:\/\/radiofenix.com.ar\/el-consumo-y-la-actividad-siguen-creciendo-y-las-pymes-acompanan-con-inversion\/"},"modified":"2023-06-19T21:32:00","modified_gmt":"2023-06-19T21:32:00","slug":"el-consumo-y-la-actividad-siguen-creciendo-y-las-pymes-acompanan-con-inversion","status":"publish","type":"post","link":"https:\/\/radiofenix.com.ar\/2023\/el-consumo-y-la-actividad-siguen-creciendo-y-las-pymes-acompanan-con-inversion\/","title":{"rendered":"\u00abEl consumo y la actividad siguen creciendo y las pymes acompa\u00f1an con inversi\u00f3n\u00bb"},"content":{"rendered":"<p>El funcionario precis\u00f3 que \u00abla utilizaci\u00f3n de capacidad instalada en la industria est\u00e1 en el 68,9%, una de las m\u00e1s altas de los \u00faltimos ocho a\u00f1os\u00bb.<\/p>\n","protected":false},"excerpt":{"rendered":"<p>El funcionario precis\u00f3 que \u00abla utilizaci\u00f3n de capacidad instalada en la industria est\u00e1 en el&#8230;<\/p>\n","protected":false},"author":2,"featured_media":176631,"comment_status":"open","ping_status":"open","sticky":false,"template":"","format":"standard","meta":{"footnotes":""},"categories":[5],"tags":[],"class_list":["post-176630","post","type-post","status-publish","format-standard","has-post-thumbnail","hentry","category-economia"],"featured_image_urls":{"full":"","thumbnail":"","medium":"","medium_large":"","large":"","1536x1536":"","2048x2048":"","newsium-slider-full":"","newsium-featured":"","newsium-medium":""},"author_info":{"info":["c1500921"]},"category_info":"<a href=\"https:\/\/radiofenix.com.ar\/2023\/category\/economia\/\" rel=\"category tag\">Economia<\/a>","tag_info":"Economia","comment_count":"0","_links":{"self":[{"href":"https:\/\/radiofenix.com.ar\/2023\/wp-json\/wp\/v2\/posts\/176630","targetHints":{"allow":["GET"]}}],"collection":[{"href":"https:\/\/radiofenix.com.ar\/2023\/wp-json\/wp\/v2\/posts"}],"about":[{"href":"https:\/\/radiofenix.com.ar\/2023\/wp-json\/wp\/v2\/types\/post"}],"author":[{"embeddable":true,"href":"https:\/\/radiofenix.com.ar\/2023\/wp-json\/wp\/v2\/users\/2"}],"replies":[{"embeddable":true,"href":"https:\/\/radiofenix.com.ar\/2023\/wp-json\/wp\/v2\/comments?post=176630"}],"version-history":[{"count":0,"href":"https:\/\/radiofenix.com.ar\/2023\/wp-json\/wp\/v2\/posts\/176630\/revisions"}],"wp:featuredmedia":[{"embeddable":true,"href":"https:\/\/radiofenix.com.ar\/2023\/wp-json\/"}],"wp:attachment":[{"href":"https:\/\/radiofenix.com.ar\/2023\/wp-json\/wp\/v2\/media?parent=176630"}],"wp:term":[{"taxonomy":"category","embeddable":true,"href":"https:\/\/radiofenix.com.ar\/2023\/wp-json\/wp\/v2\/categories?post=176630"},{"taxonomy":"post_tag","embeddable":true,"href":"https:\/\/radiofenix.com.ar\/2023\/wp-json\/wp\/v2\/tags?post=176630"}],"curies":[{"name":"wp","href":"https:\/\/api.w.org\/{rel}","templated":true}]}}