{"id":176634,"date":"2023-06-19T15:50:00","date_gmt":"2023-06-19T15:50:00","guid":{"rendered":"http:\/\/radiofenix.com.ar\/crece-el-uso-de-facturas-de-credito-electronicas-para-el-financiamiento-de-pymes\/"},"modified":"2023-06-19T15:50:00","modified_gmt":"2023-06-19T15:50:00","slug":"crece-el-uso-de-facturas-de-credito-electronicas-para-el-financiamiento-de-pymes","status":"publish","type":"post","link":"https:\/\/radiofenix.com.ar\/2023\/crece-el-uso-de-facturas-de-credito-electronicas-para-el-financiamiento-de-pymes\/","title":{"rendered":"Crece el uso de facturas de cr\u00e9dito electr\u00f3nicas para el financiamiento de pymes"},"content":{"rendered":"<p>A diferencia de los cheques, el profesional o la pyme que descuenta una factura de cr\u00e9dito accede a una tasa muy similar, pero sin correr con responsabilidades de pago final ni consumir cr\u00e9dito bancario al hacerlo, ya que es la gran empresa la que debe responder en \u00faltima instancia.<\/p>\n","protected":false},"excerpt":{"rendered":"<p>A diferencia de los cheques, el profesional o la pyme que descuenta una factura de&#8230;<\/p>\n","protected":false},"author":2,"featured_media":176635,"comment_status":"open","ping_status":"open","sticky":false,"template":"","format":"standard","meta":{"footnotes":""},"categories":[5],"tags":[],"class_list":["post-176634","post","type-post","status-publish","format-standard","has-post-thumbnail","hentry","category-economia"],"featured_image_urls":{"full":"","thumbnail":"","medium":"","medium_large":"","large":"","1536x1536":"","2048x2048":"","newsium-slider-full":"","newsium-featured":"","newsium-medium":""},"author_info":{"info":["c1500921"]},"category_info":"<a href=\"https:\/\/radiofenix.com.ar\/2023\/category\/economia\/\" rel=\"category tag\">Economia<\/a>","tag_info":"Economia","comment_count":"0","_links":{"self":[{"href":"https:\/\/radiofenix.com.ar\/2023\/wp-json\/wp\/v2\/posts\/176634","targetHints":{"allow":["GET"]}}],"collection":[{"href":"https:\/\/radiofenix.com.ar\/2023\/wp-json\/wp\/v2\/posts"}],"about":[{"href":"https:\/\/radiofenix.com.ar\/2023\/wp-json\/wp\/v2\/types\/post"}],"author":[{"embeddable":true,"href":"https:\/\/radiofenix.com.ar\/2023\/wp-json\/wp\/v2\/users\/2"}],"replies":[{"embeddable":true,"href":"https:\/\/radiofenix.com.ar\/2023\/wp-json\/wp\/v2\/comments?post=176634"}],"version-history":[{"count":0,"href":"https:\/\/radiofenix.com.ar\/2023\/wp-json\/wp\/v2\/posts\/176634\/revisions"}],"wp:featuredmedia":[{"embeddable":true,"href":"https:\/\/radiofenix.com.ar\/2023\/wp-json\/"}],"wp:attachment":[{"href":"https:\/\/radiofenix.com.ar\/2023\/wp-json\/wp\/v2\/media?parent=176634"}],"wp:term":[{"taxonomy":"category","embeddable":true,"href":"https:\/\/radiofenix.com.ar\/2023\/wp-json\/wp\/v2\/categories?post=176634"},{"taxonomy":"post_tag","embeddable":true,"href":"https:\/\/radiofenix.com.ar\/2023\/wp-json\/wp\/v2\/tags?post=176634"}],"curies":[{"name":"wp","href":"https:\/\/api.w.org\/{rel}","templated":true}]}}