{"id":176646,"date":"2023-06-20T15:05:43","date_gmt":"2023-06-20T15:05:43","guid":{"rendered":"http:\/\/radiofenix.com.ar\/alberto-fernandez-manuel-belgrano-fue-un-hombre-magnifico-un-patriota-inigualable\/"},"modified":"2023-06-20T15:05:43","modified_gmt":"2023-06-20T15:05:43","slug":"alberto-fernandez-manuel-belgrano-fue-un-hombre-magnifico-un-patriota-inigualable","status":"publish","type":"post","link":"https:\/\/radiofenix.com.ar\/2023\/alberto-fernandez-manuel-belgrano-fue-un-hombre-magnifico-un-patriota-inigualable\/","title":{"rendered":"Alberto Fern\u00e1ndez: \u00abManuel Belgrano fue un hombre magn\u00edfico, un patriota inigualable\u00bb"},"content":{"rendered":"<p>En la quinta Presidencial de Olivos, el Presidente reivindic\u00f3 la figura del h\u00e9roe nacional durante el acto en el que tom\u00f3 la promesa a la bandera a estudiantes de escuelas p\u00fablicas, acompa\u00f1ado por ministras y ministros del gabinete nacional.En la quinta Presidencial de Olivos, el Presidente reivindic\u00f3 la figura del h\u00e9roe nacional durante el acto en el que tom\u00f3 la promesa a la bandera a estudiantes de escuelas p\u00fablicas, acompa\u00f1ado por ministras y ministros del gabinete nacional.<\/p>\n","protected":false},"excerpt":{"rendered":"<p>En la quinta Presidencial de Olivos, el Presidente reivindic\u00f3 la figura del h\u00e9roe nacional durante&#8230;<\/p>\n","protected":false},"author":2,"featured_media":176647,"comment_status":"open","ping_status":"open","sticky":false,"template":"","format":"standard","meta":{"footnotes":""},"categories":[2],"tags":[],"class_list":["post-176646","post","type-post","status-publish","format-standard","has-post-thumbnail","hentry","category-politica"],"featured_image_urls":{"full":"","thumbnail":"","medium":"","medium_large":"","large":"","1536x1536":"","2048x2048":"","newsium-slider-full":"","newsium-featured":"","newsium-medium":""},"author_info":{"info":["c1500921"]},"category_info":"<a href=\"https:\/\/radiofenix.com.ar\/2023\/category\/politica\/\" rel=\"category tag\">Pol\u00edtica<\/a>","tag_info":"Pol\u00edtica","comment_count":"0","_links":{"self":[{"href":"https:\/\/radiofenix.com.ar\/2023\/wp-json\/wp\/v2\/posts\/176646","targetHints":{"allow":["GET"]}}],"collection":[{"href":"https:\/\/radiofenix.com.ar\/2023\/wp-json\/wp\/v2\/posts"}],"about":[{"href":"https:\/\/radiofenix.com.ar\/2023\/wp-json\/wp\/v2\/types\/post"}],"author":[{"embeddable":true,"href":"https:\/\/radiofenix.com.ar\/2023\/wp-json\/wp\/v2\/users\/2"}],"replies":[{"embeddable":true,"href":"https:\/\/radiofenix.com.ar\/2023\/wp-json\/wp\/v2\/comments?post=176646"}],"version-history":[{"count":0,"href":"https:\/\/radiofenix.com.ar\/2023\/wp-json\/wp\/v2\/posts\/176646\/revisions"}],"wp:featuredmedia":[{"embeddable":true,"href":"https:\/\/radiofenix.com.ar\/2023\/wp-json\/"}],"wp:attachment":[{"href":"https:\/\/radiofenix.com.ar\/2023\/wp-json\/wp\/v2\/media?parent=176646"}],"wp:term":[{"taxonomy":"category","embeddable":true,"href":"https:\/\/radiofenix.com.ar\/2023\/wp-json\/wp\/v2\/categories?post=176646"},{"taxonomy":"post_tag","embeddable":true,"href":"https:\/\/radiofenix.com.ar\/2023\/wp-json\/wp\/v2\/tags?post=176646"}],"curies":[{"name":"wp","href":"https:\/\/api.w.org\/{rel}","templated":true}]}}