{"id":176648,"date":"2023-06-20T15:05:44","date_gmt":"2023-06-20T15:05:44","guid":{"rendered":"http:\/\/radiofenix.com.ar\/cristina-recordo-a-belgrano-como-uno-de-los-grandes-constructores-de-la-patria\/"},"modified":"2023-06-20T15:05:44","modified_gmt":"2023-06-20T15:05:44","slug":"cristina-recordo-a-belgrano-como-uno-de-los-grandes-constructores-de-la-patria","status":"publish","type":"post","link":"https:\/\/radiofenix.com.ar\/2023\/cristina-recordo-a-belgrano-como-uno-de-los-grandes-constructores-de-la-patria\/","title":{"rendered":"Cristina record\u00f3 a Belgrano como uno de los grandes \u00abconstructores de la Patria\u00bb"},"content":{"rendered":"<p>La vicepresidenta public\u00f3 adem\u00e1s un video con im\u00e1genes de la bandera y la escarapela portadas por ciudadanos bajo el sonido orquestal del Himno Nacional. Las reflexiones de dirigentes pol\u00edticos del oficialismo y la oposici\u00f3n.La vicepresidenta public\u00f3 adem\u00e1s un video con im\u00e1genes de la bandera y la escarapela portadas por ciudadanos bajo el sonido orquestal del Himno Nacional. Las reflexiones de dirigentes pol\u00edticos del oficialismo y la oposici\u00f3n.<\/p>\n","protected":false},"excerpt":{"rendered":"<p>La vicepresidenta public\u00f3 adem\u00e1s un video con im\u00e1genes de la bandera y la escarapela portadas&#8230;<\/p>\n","protected":false},"author":2,"featured_media":176649,"comment_status":"open","ping_status":"open","sticky":false,"template":"","format":"standard","meta":{"footnotes":""},"categories":[2],"tags":[],"class_list":["post-176648","post","type-post","status-publish","format-standard","has-post-thumbnail","hentry","category-politica"],"featured_image_urls":{"full":"","thumbnail":"","medium":"","medium_large":"","large":"","1536x1536":"","2048x2048":"","newsium-slider-full":"","newsium-featured":"","newsium-medium":""},"author_info":{"info":["c1500921"]},"category_info":"<a href=\"https:\/\/radiofenix.com.ar\/2023\/category\/politica\/\" rel=\"category tag\">Pol\u00edtica<\/a>","tag_info":"Pol\u00edtica","comment_count":"0","_links":{"self":[{"href":"https:\/\/radiofenix.com.ar\/2023\/wp-json\/wp\/v2\/posts\/176648","targetHints":{"allow":["GET"]}}],"collection":[{"href":"https:\/\/radiofenix.com.ar\/2023\/wp-json\/wp\/v2\/posts"}],"about":[{"href":"https:\/\/radiofenix.com.ar\/2023\/wp-json\/wp\/v2\/types\/post"}],"author":[{"embeddable":true,"href":"https:\/\/radiofenix.com.ar\/2023\/wp-json\/wp\/v2\/users\/2"}],"replies":[{"embeddable":true,"href":"https:\/\/radiofenix.com.ar\/2023\/wp-json\/wp\/v2\/comments?post=176648"}],"version-history":[{"count":0,"href":"https:\/\/radiofenix.com.ar\/2023\/wp-json\/wp\/v2\/posts\/176648\/revisions"}],"wp:featuredmedia":[{"embeddable":true,"href":"https:\/\/radiofenix.com.ar\/2023\/wp-json\/"}],"wp:attachment":[{"href":"https:\/\/radiofenix.com.ar\/2023\/wp-json\/wp\/v2\/media?parent=176648"}],"wp:term":[{"taxonomy":"category","embeddable":true,"href":"https:\/\/radiofenix.com.ar\/2023\/wp-json\/wp\/v2\/categories?post=176648"},{"taxonomy":"post_tag","embeddable":true,"href":"https:\/\/radiofenix.com.ar\/2023\/wp-json\/wp\/v2\/tags?post=176648"}],"curies":[{"name":"wp","href":"https:\/\/api.w.org\/{rel}","templated":true}]}}