{"id":176650,"date":"2023-06-20T15:05:44","date_gmt":"2023-06-20T15:05:44","guid":{"rendered":"http:\/\/radiofenix.com.ar\/diputada-moises-el-trasfondo-de-la-reforma-jujena-esta-en-la-industria-del-litio\/"},"modified":"2023-06-20T15:05:44","modified_gmt":"2023-06-20T15:05:44","slug":"diputada-moises-el-trasfondo-de-la-reforma-jujena-esta-en-la-industria-del-litio","status":"publish","type":"post","link":"https:\/\/radiofenix.com.ar\/2023\/diputada-moises-el-trasfondo-de-la-reforma-jujena-esta-en-la-industria-del-litio\/","title":{"rendered":"Diputada Mois\u00e9s: \u00abEl trasfondo de la reforma juje\u00f1a est\u00e1 en la industria del litio\u00bb"},"content":{"rendered":"<p>Con la modificaci\u00f3n, Gerardo Morales \u00abse arroga el derecho de facultar sobre la personer\u00eda jur\u00eddica de las comunidades, en el cap\u00edtulo vinculado a la paz social\u00bb, alert\u00f3 la legisladora nacional del Frente de Todos.Con la modificaci\u00f3n, Gerardo Morales \u00abse arroga el derecho de facultar sobre la personer\u00eda jur\u00eddica de las comunidades, en el cap\u00edtulo vinculado a la paz social\u00bb, alert\u00f3 la legisladora nacional del Frente de Todos.<\/p>\n","protected":false},"excerpt":{"rendered":"<p>Con la modificaci\u00f3n, Gerardo Morales \u00abse arroga el derecho de facultar sobre la personer\u00eda jur\u00eddica&#8230;<\/p>\n","protected":false},"author":2,"featured_media":176651,"comment_status":"open","ping_status":"open","sticky":false,"template":"","format":"standard","meta":{"footnotes":""},"categories":[2],"tags":[],"class_list":["post-176650","post","type-post","status-publish","format-standard","has-post-thumbnail","hentry","category-politica"],"featured_image_urls":{"full":"","thumbnail":"","medium":"","medium_large":"","large":"","1536x1536":"","2048x2048":"","newsium-slider-full":"","newsium-featured":"","newsium-medium":""},"author_info":{"info":["c1500921"]},"category_info":"<a href=\"https:\/\/radiofenix.com.ar\/2023\/category\/politica\/\" rel=\"category tag\">Pol\u00edtica<\/a>","tag_info":"Pol\u00edtica","comment_count":"0","_links":{"self":[{"href":"https:\/\/radiofenix.com.ar\/2023\/wp-json\/wp\/v2\/posts\/176650","targetHints":{"allow":["GET"]}}],"collection":[{"href":"https:\/\/radiofenix.com.ar\/2023\/wp-json\/wp\/v2\/posts"}],"about":[{"href":"https:\/\/radiofenix.com.ar\/2023\/wp-json\/wp\/v2\/types\/post"}],"author":[{"embeddable":true,"href":"https:\/\/radiofenix.com.ar\/2023\/wp-json\/wp\/v2\/users\/2"}],"replies":[{"embeddable":true,"href":"https:\/\/radiofenix.com.ar\/2023\/wp-json\/wp\/v2\/comments?post=176650"}],"version-history":[{"count":0,"href":"https:\/\/radiofenix.com.ar\/2023\/wp-json\/wp\/v2\/posts\/176650\/revisions"}],"wp:featuredmedia":[{"embeddable":true,"href":"https:\/\/radiofenix.com.ar\/2023\/wp-json\/"}],"wp:attachment":[{"href":"https:\/\/radiofenix.com.ar\/2023\/wp-json\/wp\/v2\/media?parent=176650"}],"wp:term":[{"taxonomy":"category","embeddable":true,"href":"https:\/\/radiofenix.com.ar\/2023\/wp-json\/wp\/v2\/categories?post=176650"},{"taxonomy":"post_tag","embeddable":true,"href":"https:\/\/radiofenix.com.ar\/2023\/wp-json\/wp\/v2\/tags?post=176650"}],"curies":[{"name":"wp","href":"https:\/\/api.w.org\/{rel}","templated":true}]}}