{"id":176652,"date":"2023-06-20T15:05:45","date_gmt":"2023-06-20T15:05:45","guid":{"rendered":"http:\/\/radiofenix.com.ar\/la-tristeza-del-proceso-revolucionario-es-que-belgrano-no-pudo-llevar-a-cabo-su-sueno\/"},"modified":"2023-06-20T15:05:45","modified_gmt":"2023-06-20T15:05:45","slug":"la-tristeza-del-proceso-revolucionario-es-que-belgrano-no-pudo-llevar-a-cabo-su-sueno","status":"publish","type":"post","link":"https:\/\/radiofenix.com.ar\/2023\/la-tristeza-del-proceso-revolucionario-es-que-belgrano-no-pudo-llevar-a-cabo-su-sueno\/","title":{"rendered":"\u201cLa tristeza del proceso revolucionario es que Belgrano no pudo llevar a cabo su sue\u00f1o\u201d"},"content":{"rendered":"<p>El historiador y polit\u00f3logo reivindica la figura de Manuel Belgrano, al cumplirse 203 a\u00f1os de su muerte, y advierte sobre las profundas diferencias que ten\u00eda con otros pr\u00f3ceres de la historia oficial. \u00abEs un subversivo sin darse cuenta\u00bb, sintetiza.El historiador y polit\u00f3logo reivindica la figura de Manuel Belgrano, al cumplirse 203 a\u00f1os de su muerte, y advierte sobre las profundas diferencias que ten\u00eda con otros pr\u00f3ceres de la historia oficial. \u00abEs un subversivo sin darse cuenta\u00bb, sintetiza.<\/p>\n","protected":false},"excerpt":{"rendered":"<p>El historiador y polit\u00f3logo reivindica la figura de Manuel Belgrano, al cumplirse 203 a\u00f1os de&#8230;<\/p>\n","protected":false},"author":2,"featured_media":176653,"comment_status":"open","ping_status":"open","sticky":false,"template":"","format":"standard","meta":{"footnotes":""},"categories":[2],"tags":[],"class_list":["post-176652","post","type-post","status-publish","format-standard","has-post-thumbnail","hentry","category-politica"],"featured_image_urls":{"full":"","thumbnail":"","medium":"","medium_large":"","large":"","1536x1536":"","2048x2048":"","newsium-slider-full":"","newsium-featured":"","newsium-medium":""},"author_info":{"info":["c1500921"]},"category_info":"<a href=\"https:\/\/radiofenix.com.ar\/2023\/category\/politica\/\" rel=\"category tag\">Pol\u00edtica<\/a>","tag_info":"Pol\u00edtica","comment_count":"0","_links":{"self":[{"href":"https:\/\/radiofenix.com.ar\/2023\/wp-json\/wp\/v2\/posts\/176652","targetHints":{"allow":["GET"]}}],"collection":[{"href":"https:\/\/radiofenix.com.ar\/2023\/wp-json\/wp\/v2\/posts"}],"about":[{"href":"https:\/\/radiofenix.com.ar\/2023\/wp-json\/wp\/v2\/types\/post"}],"author":[{"embeddable":true,"href":"https:\/\/radiofenix.com.ar\/2023\/wp-json\/wp\/v2\/users\/2"}],"replies":[{"embeddable":true,"href":"https:\/\/radiofenix.com.ar\/2023\/wp-json\/wp\/v2\/comments?post=176652"}],"version-history":[{"count":0,"href":"https:\/\/radiofenix.com.ar\/2023\/wp-json\/wp\/v2\/posts\/176652\/revisions"}],"wp:featuredmedia":[{"embeddable":true,"href":"https:\/\/radiofenix.com.ar\/2023\/wp-json\/"}],"wp:attachment":[{"href":"https:\/\/radiofenix.com.ar\/2023\/wp-json\/wp\/v2\/media?parent=176652"}],"wp:term":[{"taxonomy":"category","embeddable":true,"href":"https:\/\/radiofenix.com.ar\/2023\/wp-json\/wp\/v2\/categories?post=176652"},{"taxonomy":"post_tag","embeddable":true,"href":"https:\/\/radiofenix.com.ar\/2023\/wp-json\/wp\/v2\/tags?post=176652"}],"curies":[{"name":"wp","href":"https:\/\/api.w.org\/{rel}","templated":true}]}}