{"id":176654,"date":"2023-06-20T15:05:46","date_gmt":"2023-06-20T15:05:46","guid":{"rendered":"http:\/\/radiofenix.com.ar\/organizaciones-y-partidos-de-izquierda-se-movilizan-contra-la-represion-en-jujuy\/"},"modified":"2023-06-20T15:05:46","modified_gmt":"2023-06-20T15:05:46","slug":"organizaciones-y-partidos-de-izquierda-se-movilizan-contra-la-represion-en-jujuy","status":"publish","type":"post","link":"https:\/\/radiofenix.com.ar\/2023\/organizaciones-y-partidos-de-izquierda-se-movilizan-contra-la-represion-en-jujuy\/","title":{"rendered":"Organizaciones y partidos de izquierda se movilizan contra la represi\u00f3n en Jujuy"},"content":{"rendered":"<p>Los manifestantes se trasladar\u00e1n desde el Obelisco hasta hacia la delegaci\u00f3n juje\u00f1a ubicada en avenida Santa Fe 967, donde se exigir\u00e1 \u00abla inmediata libertad de las y los detenidos por protestar\u00bb y se denunciar\u00e1 \u00abla reforma constitucional represiva de Gerardo Morales\u00bb.Los manifestantes se trasladar\u00e1n desde el Obelisco hasta hacia la delegaci\u00f3n juje\u00f1a ubicada en avenida Santa Fe 967, donde se exigir\u00e1 \u00abla inmediata libertad de las y los detenidos por protestar\u00bb y se denunciar\u00e1 \u00abla reforma constitucional represiva de Gerardo Morales\u00bb.<\/p>\n","protected":false},"excerpt":{"rendered":"<p>Los manifestantes se trasladar\u00e1n desde el Obelisco hasta hacia la delegaci\u00f3n juje\u00f1a ubicada en avenida&#8230;<\/p>\n","protected":false},"author":2,"featured_media":176655,"comment_status":"open","ping_status":"open","sticky":false,"template":"","format":"standard","meta":{"footnotes":""},"categories":[2],"tags":[],"class_list":["post-176654","post","type-post","status-publish","format-standard","has-post-thumbnail","hentry","category-politica"],"featured_image_urls":{"full":"","thumbnail":"","medium":"","medium_large":"","large":"","1536x1536":"","2048x2048":"","newsium-slider-full":"","newsium-featured":"","newsium-medium":""},"author_info":{"info":["c1500921"]},"category_info":"<a href=\"https:\/\/radiofenix.com.ar\/2023\/category\/politica\/\" rel=\"category tag\">Pol\u00edtica<\/a>","tag_info":"Pol\u00edtica","comment_count":"0","_links":{"self":[{"href":"https:\/\/radiofenix.com.ar\/2023\/wp-json\/wp\/v2\/posts\/176654","targetHints":{"allow":["GET"]}}],"collection":[{"href":"https:\/\/radiofenix.com.ar\/2023\/wp-json\/wp\/v2\/posts"}],"about":[{"href":"https:\/\/radiofenix.com.ar\/2023\/wp-json\/wp\/v2\/types\/post"}],"author":[{"embeddable":true,"href":"https:\/\/radiofenix.com.ar\/2023\/wp-json\/wp\/v2\/users\/2"}],"replies":[{"embeddable":true,"href":"https:\/\/radiofenix.com.ar\/2023\/wp-json\/wp\/v2\/comments?post=176654"}],"version-history":[{"count":0,"href":"https:\/\/radiofenix.com.ar\/2023\/wp-json\/wp\/v2\/posts\/176654\/revisions"}],"wp:featuredmedia":[{"embeddable":true,"href":"https:\/\/radiofenix.com.ar\/2023\/wp-json\/"}],"wp:attachment":[{"href":"https:\/\/radiofenix.com.ar\/2023\/wp-json\/wp\/v2\/media?parent=176654"}],"wp:term":[{"taxonomy":"category","embeddable":true,"href":"https:\/\/radiofenix.com.ar\/2023\/wp-json\/wp\/v2\/categories?post=176654"},{"taxonomy":"post_tag","embeddable":true,"href":"https:\/\/radiofenix.com.ar\/2023\/wp-json\/wp\/v2\/tags?post=176654"}],"curies":[{"name":"wp","href":"https:\/\/api.w.org\/{rel}","templated":true}]}}