{"id":176856,"date":"2023-06-22T18:05:47","date_gmt":"2023-06-22T18:05:47","guid":{"rendered":"http:\/\/radiofenix.com.ar\/la-querella-reclamo-secuestro-del-celular-de-milman-y-advirtio-que-peritarlo-es-esencial\/"},"modified":"2023-06-22T18:05:47","modified_gmt":"2023-06-22T18:05:47","slug":"la-querella-reclamo-secuestro-del-celular-de-milman-y-advirtio-que-peritarlo-es-esencial","status":"publish","type":"post","link":"https:\/\/radiofenix.com.ar\/2023\/la-querella-reclamo-secuestro-del-celular-de-milman-y-advirtio-que-peritarlo-es-esencial\/","title":{"rendered":"La querella reclam\u00f3 secuestro del celular de Milman y advirti\u00f3 que peritarlo es \u00abesencial\u00bb"},"content":{"rendered":"<p>El abogado Marcos Aldaz\u00e1bal consider\u00f3 que \u00abrealizar la prueba es imperante\u00bb y advirti\u00f3 que la causa es llevada \u00aba remolque en contra del sistema judicial\u00bb. La defensa de Milman rechaz\u00f3 el pedido.El abogado Marcos Aldaz\u00e1bal consider\u00f3 que \u00abrealizar la prueba es imperante\u00bb y advirti\u00f3 que la causa es llevada \u00aba remolque en contra del sistema judicial\u00bb. La defensa de Milman rechaz\u00f3 el pedido.<\/p>\n","protected":false},"excerpt":{"rendered":"<p>El abogado Marcos Aldaz\u00e1bal consider\u00f3 que \u00abrealizar la prueba es imperante\u00bb y advirti\u00f3 que la&#8230;<\/p>\n","protected":false},"author":2,"featured_media":176857,"comment_status":"open","ping_status":"open","sticky":false,"template":"","format":"standard","meta":{"footnotes":""},"categories":[2],"tags":[],"class_list":["post-176856","post","type-post","status-publish","format-standard","has-post-thumbnail","hentry","category-politica"],"featured_image_urls":{"full":"","thumbnail":"","medium":"","medium_large":"","large":"","1536x1536":"","2048x2048":"","newsium-slider-full":"","newsium-featured":"","newsium-medium":""},"author_info":{"info":["c1500921"]},"category_info":"<a href=\"https:\/\/radiofenix.com.ar\/2023\/category\/politica\/\" rel=\"category tag\">Pol\u00edtica<\/a>","tag_info":"Pol\u00edtica","comment_count":"0","_links":{"self":[{"href":"https:\/\/radiofenix.com.ar\/2023\/wp-json\/wp\/v2\/posts\/176856","targetHints":{"allow":["GET"]}}],"collection":[{"href":"https:\/\/radiofenix.com.ar\/2023\/wp-json\/wp\/v2\/posts"}],"about":[{"href":"https:\/\/radiofenix.com.ar\/2023\/wp-json\/wp\/v2\/types\/post"}],"author":[{"embeddable":true,"href":"https:\/\/radiofenix.com.ar\/2023\/wp-json\/wp\/v2\/users\/2"}],"replies":[{"embeddable":true,"href":"https:\/\/radiofenix.com.ar\/2023\/wp-json\/wp\/v2\/comments?post=176856"}],"version-history":[{"count":0,"href":"https:\/\/radiofenix.com.ar\/2023\/wp-json\/wp\/v2\/posts\/176856\/revisions"}],"wp:featuredmedia":[{"embeddable":true,"href":"https:\/\/radiofenix.com.ar\/2023\/wp-json\/"}],"wp:attachment":[{"href":"https:\/\/radiofenix.com.ar\/2023\/wp-json\/wp\/v2\/media?parent=176856"}],"wp:term":[{"taxonomy":"category","embeddable":true,"href":"https:\/\/radiofenix.com.ar\/2023\/wp-json\/wp\/v2\/categories?post=176856"},{"taxonomy":"post_tag","embeddable":true,"href":"https:\/\/radiofenix.com.ar\/2023\/wp-json\/wp\/v2\/tags?post=176856"}],"curies":[{"name":"wp","href":"https:\/\/api.w.org\/{rel}","templated":true}]}}