{"id":176858,"date":"2023-06-22T18:05:48","date_gmt":"2023-06-22T18:05:48","guid":{"rendered":"http:\/\/radiofenix.com.ar\/los-docentes-paran-en-repudio-a-la-violencia-y-persecucion-desatada-por-gerardo-morales\/"},"modified":"2023-06-22T18:05:48","modified_gmt":"2023-06-22T18:05:48","slug":"los-docentes-paran-en-repudio-a-la-violencia-y-persecucion-desatada-por-gerardo-morales","status":"publish","type":"post","link":"https:\/\/radiofenix.com.ar\/2023\/los-docentes-paran-en-repudio-a-la-violencia-y-persecucion-desatada-por-gerardo-morales\/","title":{"rendered":"Los docentes paran en repudio a la \u00abviolencia y persecuci\u00f3n desatada por Gerardo Morales\u00bb"},"content":{"rendered":"<p>\u00abAnte la grave situaci\u00f3n que viven el sector y el pueblo juje\u00f1o queremos transmitir nuestra solidaridad\u00bb, dijo Ang\u00e9lica Graziano,\u00a0 \u00a0secretaria gremial de Ctera. El gobierno juje\u00f1o convoc\u00f3 a los docentes a una reuni\u00f3n.\u00bbAnte la grave situaci\u00f3n que viven el sector y el pueblo juje\u00f1o queremos transmitir nuestra solidaridad\u00bb, dijo Ang\u00e9lica Graziano,\u00a0 \u00a0secretaria gremial de Ctera. El gobierno juje\u00f1o convoc\u00f3 a los docentes a una reuni\u00f3n.<\/p>\n","protected":false},"excerpt":{"rendered":"<p>\u00abAnte la grave situaci\u00f3n que viven el sector y el pueblo juje\u00f1o queremos transmitir nuestra&#8230;<\/p>\n","protected":false},"author":2,"featured_media":176859,"comment_status":"open","ping_status":"open","sticky":false,"template":"","format":"standard","meta":{"footnotes":""},"categories":[2],"tags":[],"class_list":["post-176858","post","type-post","status-publish","format-standard","has-post-thumbnail","hentry","category-politica"],"featured_image_urls":{"full":"","thumbnail":"","medium":"","medium_large":"","large":"","1536x1536":"","2048x2048":"","newsium-slider-full":"","newsium-featured":"","newsium-medium":""},"author_info":{"info":["c1500921"]},"category_info":"<a href=\"https:\/\/radiofenix.com.ar\/2023\/category\/politica\/\" rel=\"category tag\">Pol\u00edtica<\/a>","tag_info":"Pol\u00edtica","comment_count":"0","_links":{"self":[{"href":"https:\/\/radiofenix.com.ar\/2023\/wp-json\/wp\/v2\/posts\/176858","targetHints":{"allow":["GET"]}}],"collection":[{"href":"https:\/\/radiofenix.com.ar\/2023\/wp-json\/wp\/v2\/posts"}],"about":[{"href":"https:\/\/radiofenix.com.ar\/2023\/wp-json\/wp\/v2\/types\/post"}],"author":[{"embeddable":true,"href":"https:\/\/radiofenix.com.ar\/2023\/wp-json\/wp\/v2\/users\/2"}],"replies":[{"embeddable":true,"href":"https:\/\/radiofenix.com.ar\/2023\/wp-json\/wp\/v2\/comments?post=176858"}],"version-history":[{"count":0,"href":"https:\/\/radiofenix.com.ar\/2023\/wp-json\/wp\/v2\/posts\/176858\/revisions"}],"wp:featuredmedia":[{"embeddable":true,"href":"https:\/\/radiofenix.com.ar\/2023\/wp-json\/"}],"wp:attachment":[{"href":"https:\/\/radiofenix.com.ar\/2023\/wp-json\/wp\/v2\/media?parent=176858"}],"wp:term":[{"taxonomy":"category","embeddable":true,"href":"https:\/\/radiofenix.com.ar\/2023\/wp-json\/wp\/v2\/categories?post=176858"},{"taxonomy":"post_tag","embeddable":true,"href":"https:\/\/radiofenix.com.ar\/2023\/wp-json\/wp\/v2\/tags?post=176858"}],"curies":[{"name":"wp","href":"https:\/\/api.w.org\/{rel}","templated":true}]}}