{"id":176866,"date":"2023-06-22T18:05:51","date_gmt":"2023-06-22T18:05:51","guid":{"rendered":"http:\/\/radiofenix.com.ar\/kicillof-la-seguridad-no-es-un-tema-de-marketing-sino-de-compromiso\/"},"modified":"2023-06-22T18:05:51","modified_gmt":"2023-06-22T18:05:51","slug":"kicillof-la-seguridad-no-es-un-tema-de-marketing-sino-de-compromiso","status":"publish","type":"post","link":"https:\/\/radiofenix.com.ar\/2023\/kicillof-la-seguridad-no-es-un-tema-de-marketing-sino-de-compromiso\/","title":{"rendered":"Kicillof: \u00abLa seguridad no es un tema de marketing, sino de compromiso\u00bb"},"content":{"rendered":"<p>\u00abCumplimos no s\u00f3lo con el desaf\u00edo existente de avanzar en el reequipamiento y profesionalizar nuestra polic\u00eda. Tambi\u00e9n la mejoramos desde el punto de vista organizativo y la equipamos con lo m\u00e1s importante que tiene: los cadetes y agentes de nuestra polic\u00eda\u00bb, asegur\u00f3 el gobernador bonaerense en el acto.\u00bbCumplimos no s\u00f3lo con el desaf\u00edo existente de avanzar en el reequipamiento y profesionalizar nuestra polic\u00eda. Tambi\u00e9n la mejoramos desde el punto de vista organizativo y la equipamos con lo m\u00e1s importante que tiene: los cadetes y agentes de nuestra polic\u00eda\u00bb, asegur\u00f3 el gobernador bonaerense en el acto.<\/p>\n","protected":false},"excerpt":{"rendered":"<p>\u00abCumplimos no s\u00f3lo con el desaf\u00edo existente de avanzar en el reequipamiento y profesionalizar nuestra&#8230;<\/p>\n","protected":false},"author":2,"featured_media":176867,"comment_status":"open","ping_status":"open","sticky":false,"template":"","format":"standard","meta":{"footnotes":""},"categories":[2],"tags":[],"class_list":["post-176866","post","type-post","status-publish","format-standard","has-post-thumbnail","hentry","category-politica"],"featured_image_urls":{"full":"","thumbnail":"","medium":"","medium_large":"","large":"","1536x1536":"","2048x2048":"","newsium-slider-full":"","newsium-featured":"","newsium-medium":""},"author_info":{"info":["c1500921"]},"category_info":"<a href=\"https:\/\/radiofenix.com.ar\/2023\/category\/politica\/\" rel=\"category tag\">Pol\u00edtica<\/a>","tag_info":"Pol\u00edtica","comment_count":"0","_links":{"self":[{"href":"https:\/\/radiofenix.com.ar\/2023\/wp-json\/wp\/v2\/posts\/176866","targetHints":{"allow":["GET"]}}],"collection":[{"href":"https:\/\/radiofenix.com.ar\/2023\/wp-json\/wp\/v2\/posts"}],"about":[{"href":"https:\/\/radiofenix.com.ar\/2023\/wp-json\/wp\/v2\/types\/post"}],"author":[{"embeddable":true,"href":"https:\/\/radiofenix.com.ar\/2023\/wp-json\/wp\/v2\/users\/2"}],"replies":[{"embeddable":true,"href":"https:\/\/radiofenix.com.ar\/2023\/wp-json\/wp\/v2\/comments?post=176866"}],"version-history":[{"count":0,"href":"https:\/\/radiofenix.com.ar\/2023\/wp-json\/wp\/v2\/posts\/176866\/revisions"}],"wp:featuredmedia":[{"embeddable":true,"href":"https:\/\/radiofenix.com.ar\/2023\/wp-json\/"}],"wp:attachment":[{"href":"https:\/\/radiofenix.com.ar\/2023\/wp-json\/wp\/v2\/media?parent=176866"}],"wp:term":[{"taxonomy":"category","embeddable":true,"href":"https:\/\/radiofenix.com.ar\/2023\/wp-json\/wp\/v2\/categories?post=176866"},{"taxonomy":"post_tag","embeddable":true,"href":"https:\/\/radiofenix.com.ar\/2023\/wp-json\/wp\/v2\/tags?post=176866"}],"curies":[{"name":"wp","href":"https:\/\/api.w.org\/{rel}","templated":true}]}}