{"id":176868,"date":"2023-06-22T18:05:52","date_gmt":"2023-06-22T18:05:52","guid":{"rendered":"http:\/\/radiofenix.com.ar\/con-la-reforma-en-jujuy-se-quebro-la-representacion-entre-morales-y-quienes-lo-votaron\/"},"modified":"2023-06-22T18:05:52","modified_gmt":"2023-06-22T18:05:52","slug":"con-la-reforma-en-jujuy-se-quebro-la-representacion-entre-morales-y-quienes-lo-votaron","status":"publish","type":"post","link":"https:\/\/radiofenix.com.ar\/2023\/con-la-reforma-en-jujuy-se-quebro-la-representacion-entre-morales-y-quienes-lo-votaron\/","title":{"rendered":"\u00abCon la reforma, en Jujuy se quebr\u00f3 la representaci\u00f3n entre Morales y quienes lo votaron\u00bb"},"content":{"rendered":"<p>En una entrevista con T\u00e9lam, la diputada nacional advirti\u00f3 que la nueva Constituci\u00f3n provincial \u00abes inconstitucional\u00bb, record\u00f3 que la reforma fue concretada \u00absin instancias de participaci\u00f3n\u00bb y denunci\u00f3 que se busca \u00abfacilitar la extracci\u00f3n de litio indiscriminadamente\u00bb.\u00a0En una entrevista con T\u00e9lam, la diputada nacional advirti\u00f3 que la nueva Constituci\u00f3n provincial \u00abes inconstitucional\u00bb, record\u00f3 que la reforma fue concretada \u00absin instancias de participaci\u00f3n\u00bb y denunci\u00f3 que se busca \u00abfacilitar la extracci\u00f3n de litio indiscriminadamente\u00bb.\u00a0<\/p>\n","protected":false},"excerpt":{"rendered":"<p>En una entrevista con T\u00e9lam, la diputada nacional advirti\u00f3 que la nueva Constituci\u00f3n provincial \u00abes&#8230;<\/p>\n","protected":false},"author":2,"featured_media":176869,"comment_status":"open","ping_status":"open","sticky":false,"template":"","format":"standard","meta":{"footnotes":""},"categories":[2],"tags":[],"class_list":["post-176868","post","type-post","status-publish","format-standard","has-post-thumbnail","hentry","category-politica"],"featured_image_urls":{"full":"","thumbnail":"","medium":"","medium_large":"","large":"","1536x1536":"","2048x2048":"","newsium-slider-full":"","newsium-featured":"","newsium-medium":""},"author_info":{"info":["c1500921"]},"category_info":"<a href=\"https:\/\/radiofenix.com.ar\/2023\/category\/politica\/\" rel=\"category tag\">Pol\u00edtica<\/a>","tag_info":"Pol\u00edtica","comment_count":"0","_links":{"self":[{"href":"https:\/\/radiofenix.com.ar\/2023\/wp-json\/wp\/v2\/posts\/176868","targetHints":{"allow":["GET"]}}],"collection":[{"href":"https:\/\/radiofenix.com.ar\/2023\/wp-json\/wp\/v2\/posts"}],"about":[{"href":"https:\/\/radiofenix.com.ar\/2023\/wp-json\/wp\/v2\/types\/post"}],"author":[{"embeddable":true,"href":"https:\/\/radiofenix.com.ar\/2023\/wp-json\/wp\/v2\/users\/2"}],"replies":[{"embeddable":true,"href":"https:\/\/radiofenix.com.ar\/2023\/wp-json\/wp\/v2\/comments?post=176868"}],"version-history":[{"count":0,"href":"https:\/\/radiofenix.com.ar\/2023\/wp-json\/wp\/v2\/posts\/176868\/revisions"}],"wp:featuredmedia":[{"embeddable":true,"href":"https:\/\/radiofenix.com.ar\/2023\/wp-json\/"}],"wp:attachment":[{"href":"https:\/\/radiofenix.com.ar\/2023\/wp-json\/wp\/v2\/media?parent=176868"}],"wp:term":[{"taxonomy":"category","embeddable":true,"href":"https:\/\/radiofenix.com.ar\/2023\/wp-json\/wp\/v2\/categories?post=176868"},{"taxonomy":"post_tag","embeddable":true,"href":"https:\/\/radiofenix.com.ar\/2023\/wp-json\/wp\/v2\/tags?post=176868"}],"curies":[{"name":"wp","href":"https:\/\/api.w.org\/{rel}","templated":true}]}}