{"id":176872,"date":"2023-06-22T18:05:54","date_gmt":"2023-06-22T18:05:54","guid":{"rendered":"http:\/\/radiofenix.com.ar\/no-se-conoce-con-certeza-la-imputacion-concreta-que-pesa-sobre-los-detenidos-en-jujuy\/"},"modified":"2023-06-22T18:05:54","modified_gmt":"2023-06-22T18:05:54","slug":"no-se-conoce-con-certeza-la-imputacion-concreta-que-pesa-sobre-los-detenidos-en-jujuy","status":"publish","type":"post","link":"https:\/\/radiofenix.com.ar\/2023\/no-se-conoce-con-certeza-la-imputacion-concreta-que-pesa-sobre-los-detenidos-en-jujuy\/","title":{"rendered":"No se conoce con certeza la imputaci\u00f3n concreta que pesa sobre los detenidos en Jujuy"},"content":{"rendered":"<p>Los abogados que representan a las 53 personas que permanecen en el penal del barrio Alto Comedero pedir\u00e1n el cese de sus aprensiones en base a un requerimiento de habeas corpus, debido que llevan m\u00e1s de 24 horas alojadas en esa c\u00e1rcel y a\u00fan \u00abes incierta su situaci\u00f3n procesal\u00bb.Los abogados que representan a las 53 personas que permanecen en el penal del barrio Alto Comedero pedir\u00e1n el cese de sus aprensiones en base a un requerimiento de habeas corpus, debido que llevan m\u00e1s de 24 horas alojadas en esa c\u00e1rcel y a\u00fan \u00abes incierta su situaci\u00f3n procesal\u00bb.<\/p>\n","protected":false},"excerpt":{"rendered":"<p>Los abogados que representan a las 53 personas que permanecen en el penal del barrio&#8230;<\/p>\n","protected":false},"author":2,"featured_media":176873,"comment_status":"open","ping_status":"open","sticky":false,"template":"","format":"standard","meta":{"footnotes":""},"categories":[2],"tags":[],"class_list":["post-176872","post","type-post","status-publish","format-standard","has-post-thumbnail","hentry","category-politica"],"featured_image_urls":{"full":"","thumbnail":"","medium":"","medium_large":"","large":"","1536x1536":"","2048x2048":"","newsium-slider-full":"","newsium-featured":"","newsium-medium":""},"author_info":{"info":["c1500921"]},"category_info":"<a href=\"https:\/\/radiofenix.com.ar\/2023\/category\/politica\/\" rel=\"category tag\">Pol\u00edtica<\/a>","tag_info":"Pol\u00edtica","comment_count":"0","_links":{"self":[{"href":"https:\/\/radiofenix.com.ar\/2023\/wp-json\/wp\/v2\/posts\/176872","targetHints":{"allow":["GET"]}}],"collection":[{"href":"https:\/\/radiofenix.com.ar\/2023\/wp-json\/wp\/v2\/posts"}],"about":[{"href":"https:\/\/radiofenix.com.ar\/2023\/wp-json\/wp\/v2\/types\/post"}],"author":[{"embeddable":true,"href":"https:\/\/radiofenix.com.ar\/2023\/wp-json\/wp\/v2\/users\/2"}],"replies":[{"embeddable":true,"href":"https:\/\/radiofenix.com.ar\/2023\/wp-json\/wp\/v2\/comments?post=176872"}],"version-history":[{"count":0,"href":"https:\/\/radiofenix.com.ar\/2023\/wp-json\/wp\/v2\/posts\/176872\/revisions"}],"wp:featuredmedia":[{"embeddable":true,"href":"https:\/\/radiofenix.com.ar\/2023\/wp-json\/"}],"wp:attachment":[{"href":"https:\/\/radiofenix.com.ar\/2023\/wp-json\/wp\/v2\/media?parent=176872"}],"wp:term":[{"taxonomy":"category","embeddable":true,"href":"https:\/\/radiofenix.com.ar\/2023\/wp-json\/wp\/v2\/categories?post=176872"},{"taxonomy":"post_tag","embeddable":true,"href":"https:\/\/radiofenix.com.ar\/2023\/wp-json\/wp\/v2\/tags?post=176872"}],"curies":[{"name":"wp","href":"https:\/\/api.w.org\/{rel}","templated":true}]}}