{"id":176884,"date":"2023-06-22T22:05:51","date_gmt":"2023-06-22T22:05:51","guid":{"rendered":"http:\/\/radiofenix.com.ar\/curuchet-donara-la-bicicleta-con-la-que-logro-la-medalla-de-oro-en-beijing-2008\/"},"modified":"2023-06-22T22:05:51","modified_gmt":"2023-06-22T22:05:51","slug":"curuchet-donara-la-bicicleta-con-la-que-logro-la-medalla-de-oro-en-beijing-2008","status":"publish","type":"post","link":"https:\/\/radiofenix.com.ar\/2023\/curuchet-donara-la-bicicleta-con-la-que-logro-la-medalla-de-oro-en-beijing-2008\/","title":{"rendered":"Curuchet donar\u00e1 la bicicleta con la que logr\u00f3 la medalla de oro en Beijing 2008"},"content":{"rendered":"<p>El campe\u00f3n marplatense ceder\u00e1 al\u00a0Museo Ol\u00edmpico de Lausana la bicicleta con la que conquist\u00f3\u00a0la prueba americana de ciclismo.<\/p>\n","protected":false},"excerpt":{"rendered":"<p>El campe\u00f3n marplatense ceder\u00e1 al\u00a0Museo Ol\u00edmpico de Lausana la bicicleta con la que conquist\u00f3\u00a0la prueba&#8230;<\/p>\n","protected":false},"author":2,"featured_media":176885,"comment_status":"open","ping_status":"open","sticky":false,"template":"","format":"standard","meta":{"footnotes":""},"categories":[3],"tags":[],"class_list":["post-176884","post","type-post","status-publish","format-standard","has-post-thumbnail","hentry","category-deportes"],"featured_image_urls":{"full":"","thumbnail":"","medium":"","medium_large":"","large":"","1536x1536":"","2048x2048":"","newsium-slider-full":"","newsium-featured":"","newsium-medium":""},"author_info":{"info":["c1500921"]},"category_info":"<a href=\"https:\/\/radiofenix.com.ar\/2023\/category\/deportes\/\" rel=\"category tag\">Deportes<\/a>","tag_info":"Deportes","comment_count":"0","_links":{"self":[{"href":"https:\/\/radiofenix.com.ar\/2023\/wp-json\/wp\/v2\/posts\/176884","targetHints":{"allow":["GET"]}}],"collection":[{"href":"https:\/\/radiofenix.com.ar\/2023\/wp-json\/wp\/v2\/posts"}],"about":[{"href":"https:\/\/radiofenix.com.ar\/2023\/wp-json\/wp\/v2\/types\/post"}],"author":[{"embeddable":true,"href":"https:\/\/radiofenix.com.ar\/2023\/wp-json\/wp\/v2\/users\/2"}],"replies":[{"embeddable":true,"href":"https:\/\/radiofenix.com.ar\/2023\/wp-json\/wp\/v2\/comments?post=176884"}],"version-history":[{"count":0,"href":"https:\/\/radiofenix.com.ar\/2023\/wp-json\/wp\/v2\/posts\/176884\/revisions"}],"wp:featuredmedia":[{"embeddable":true,"href":"https:\/\/radiofenix.com.ar\/2023\/wp-json\/"}],"wp:attachment":[{"href":"https:\/\/radiofenix.com.ar\/2023\/wp-json\/wp\/v2\/media?parent=176884"}],"wp:term":[{"taxonomy":"category","embeddable":true,"href":"https:\/\/radiofenix.com.ar\/2023\/wp-json\/wp\/v2\/categories?post=176884"},{"taxonomy":"post_tag","embeddable":true,"href":"https:\/\/radiofenix.com.ar\/2023\/wp-json\/wp\/v2\/tags?post=176884"}],"curies":[{"name":"wp","href":"https:\/\/api.w.org\/{rel}","templated":true}]}}