{"id":176912,"date":"2023-06-22T21:21:00","date_gmt":"2023-06-22T21:21:00","guid":{"rendered":"http:\/\/radiofenix.com.ar\/marta-gomez-festeja-20-anos-de-discos-y-canciones-que-nos-conectan-con-nosotros\/"},"modified":"2023-06-22T21:21:00","modified_gmt":"2023-06-22T21:21:00","slug":"marta-gomez-festeja-20-anos-de-discos-y-canciones-que-nos-conectan-con-nosotros","status":"publish","type":"post","link":"https:\/\/radiofenix.com.ar\/2023\/marta-gomez-festeja-20-anos-de-discos-y-canciones-que-nos-conectan-con-nosotros\/","title":{"rendered":"Marta G\u00f3mez festeja 20 a\u00f1os de discos y \u00abcanciones que nos conectan con nosotros\u00bb"},"content":{"rendered":"<p>La cantante y compositora colombiana radicada desde 2009 en Barcelona\u00a0traer\u00e1 al porte\u00f1o Teatro \u00d3pera su festejo por dos d\u00e9cadas de trayectoria discogr\u00e1fica a partir de canciones de autor,\u00a0una celebraci\u00f3n a la que se sumar\u00e1 el compositor y armoniquista Franco Luciani y el cubano D\u00fao Karma.La cantante y compositora colombiana radicada desde 2009 en Barcelona\u00a0traer\u00e1 al porte\u00f1o Teatro \u00d3pera su festejo por dos d\u00e9cadas de trayectoria discogr\u00e1fica a partir de canciones de autor,\u00a0una celebraci\u00f3n a la que se sumar\u00e1 el compositor y armoniquista Franco Luciani y el cubano D\u00fao Karma.<\/p>\n","protected":false},"excerpt":{"rendered":"<p>La cantante y compositora colombiana radicada desde 2009 en Barcelona\u00a0traer\u00e1 al porte\u00f1o Teatro \u00d3pera su&#8230;<\/p>\n","protected":false},"author":2,"featured_media":176913,"comment_status":"open","ping_status":"open","sticky":false,"template":"","format":"standard","meta":{"footnotes":""},"categories":[4],"tags":[],"class_list":["post-176912","post","type-post","status-publish","format-standard","has-post-thumbnail","hentry","category-espectaculos"],"featured_image_urls":{"full":"","thumbnail":"","medium":"","medium_large":"","large":"","1536x1536":"","2048x2048":"","newsium-slider-full":"","newsium-featured":"","newsium-medium":""},"author_info":{"info":["c1500921"]},"category_info":"<a href=\"https:\/\/radiofenix.com.ar\/2023\/category\/espectaculos\/\" rel=\"category tag\">Espectaculos<\/a>","tag_info":"Espectaculos","comment_count":"0","_links":{"self":[{"href":"https:\/\/radiofenix.com.ar\/2023\/wp-json\/wp\/v2\/posts\/176912","targetHints":{"allow":["GET"]}}],"collection":[{"href":"https:\/\/radiofenix.com.ar\/2023\/wp-json\/wp\/v2\/posts"}],"about":[{"href":"https:\/\/radiofenix.com.ar\/2023\/wp-json\/wp\/v2\/types\/post"}],"author":[{"embeddable":true,"href":"https:\/\/radiofenix.com.ar\/2023\/wp-json\/wp\/v2\/users\/2"}],"replies":[{"embeddable":true,"href":"https:\/\/radiofenix.com.ar\/2023\/wp-json\/wp\/v2\/comments?post=176912"}],"version-history":[{"count":0,"href":"https:\/\/radiofenix.com.ar\/2023\/wp-json\/wp\/v2\/posts\/176912\/revisions"}],"wp:featuredmedia":[{"embeddable":true,"href":"https:\/\/radiofenix.com.ar\/2023\/wp-json\/"}],"wp:attachment":[{"href":"https:\/\/radiofenix.com.ar\/2023\/wp-json\/wp\/v2\/media?parent=176912"}],"wp:term":[{"taxonomy":"category","embeddable":true,"href":"https:\/\/radiofenix.com.ar\/2023\/wp-json\/wp\/v2\/categories?post=176912"},{"taxonomy":"post_tag","embeddable":true,"href":"https:\/\/radiofenix.com.ar\/2023\/wp-json\/wp\/v2\/tags?post=176912"}],"curies":[{"name":"wp","href":"https:\/\/api.w.org\/{rel}","templated":true}]}}