{"id":176914,"date":"2023-06-22T21:10:00","date_gmt":"2023-06-22T21:10:00","guid":{"rendered":"http:\/\/radiofenix.com.ar\/cazzu-ni-ayer-ni-hoy-la-represion-tiene-justificacion\/"},"modified":"2023-06-22T21:10:00","modified_gmt":"2023-06-22T21:10:00","slug":"cazzu-ni-ayer-ni-hoy-la-represion-tiene-justificacion","status":"publish","type":"post","link":"https:\/\/radiofenix.com.ar\/2023\/cazzu-ni-ayer-ni-hoy-la-represion-tiene-justificacion\/","title":{"rendered":"Cazzu: \u00abNi ayer ni hoy la represi\u00f3n tiene justificaci\u00f3n\u00bb"},"content":{"rendered":"<p>A trav\u00e9s de su cuenta de Instagram la artista juje\u00f1a conden\u00f3 la violencia estatal en la provincia contra manifestantes, pidi\u00f3 por un salario docente digno y se refiri\u00f3 a la extracci\u00f3n de recursos naturales como el litio, otro de los reclamos de su pueblo natalA trav\u00e9s de su cuenta de Instagram la artista juje\u00f1a conden\u00f3 la violencia estatal en la provincia contra manifestantes, pidi\u00f3 por un salario docente digno y se refiri\u00f3 a la extracci\u00f3n de recursos naturales como el litio, otro de los reclamos de su pueblo natal<\/p>\n","protected":false},"excerpt":{"rendered":"<p>A trav\u00e9s de su cuenta de Instagram la artista juje\u00f1a conden\u00f3 la violencia estatal en&#8230;<\/p>\n","protected":false},"author":2,"featured_media":176915,"comment_status":"open","ping_status":"open","sticky":false,"template":"","format":"standard","meta":{"footnotes":""},"categories":[4],"tags":[],"class_list":["post-176914","post","type-post","status-publish","format-standard","has-post-thumbnail","hentry","category-espectaculos"],"featured_image_urls":{"full":"","thumbnail":"","medium":"","medium_large":"","large":"","1536x1536":"","2048x2048":"","newsium-slider-full":"","newsium-featured":"","newsium-medium":""},"author_info":{"info":["c1500921"]},"category_info":"<a href=\"https:\/\/radiofenix.com.ar\/2023\/category\/espectaculos\/\" rel=\"category tag\">Espectaculos<\/a>","tag_info":"Espectaculos","comment_count":"0","_links":{"self":[{"href":"https:\/\/radiofenix.com.ar\/2023\/wp-json\/wp\/v2\/posts\/176914","targetHints":{"allow":["GET"]}}],"collection":[{"href":"https:\/\/radiofenix.com.ar\/2023\/wp-json\/wp\/v2\/posts"}],"about":[{"href":"https:\/\/radiofenix.com.ar\/2023\/wp-json\/wp\/v2\/types\/post"}],"author":[{"embeddable":true,"href":"https:\/\/radiofenix.com.ar\/2023\/wp-json\/wp\/v2\/users\/2"}],"replies":[{"embeddable":true,"href":"https:\/\/radiofenix.com.ar\/2023\/wp-json\/wp\/v2\/comments?post=176914"}],"version-history":[{"count":0,"href":"https:\/\/radiofenix.com.ar\/2023\/wp-json\/wp\/v2\/posts\/176914\/revisions"}],"wp:featuredmedia":[{"embeddable":true,"href":"https:\/\/radiofenix.com.ar\/2023\/wp-json\/"}],"wp:attachment":[{"href":"https:\/\/radiofenix.com.ar\/2023\/wp-json\/wp\/v2\/media?parent=176914"}],"wp:term":[{"taxonomy":"category","embeddable":true,"href":"https:\/\/radiofenix.com.ar\/2023\/wp-json\/wp\/v2\/categories?post=176914"},{"taxonomy":"post_tag","embeddable":true,"href":"https:\/\/radiofenix.com.ar\/2023\/wp-json\/wp\/v2\/tags?post=176914"}],"curies":[{"name":"wp","href":"https:\/\/api.w.org\/{rel}","templated":true}]}}